{"id":3203,"date":"2021-05-04T08:41:11","date_gmt":"2021-05-04T05:41:11","guid":{"rendered":"https:\/\/www.narvamuusika.ee\/?p=3203"},"modified":"2021-05-04T08:45:28","modified_gmt":"2021-05-04T05:45:28","slug":"%d0%be-%d0%b1%d0%b5%d0%b0%d1%82%d1%80%d0%b8%d1%87%d0%b5-%d1%85%d1%83%d0%b1%d0%b5%d1%80-%d0%bd%d0%b0-%d1%81%d1%82%d1%80%d0%b0%d0%bd%d0%b8%d1%86%d0%b0%d1%85-postimees-juunior","status":"publish","type":"post","link":"https:\/\/www.narvamuusika.ee\/et\/2021\/05\/04\/%d0%be-%d0%b1%d0%b5%d0%b0%d1%82%d1%80%d0%b8%d1%87%d0%b5-%d1%85%d1%83%d0%b1%d0%b5%d1%80-%d0%bd%d0%b0-%d1%81%d1%82%d1%80%d0%b0%d0%bd%d0%b8%d1%86%d0%b0%d1%85-postimees-juunior\/","title":{"rendered":"Vabariiklikus ajalehes on avaldatud artikkel meie \u00f5pilase Beatriche Khuberi kohta."},"content":{"rendered":"\n<p>Narva Muusikakooli kooriosakonna&nbsp;\u00f5pilane Beatrice Huber lisaks arvukatel<\/p>\n\n\n\n<p>rahvusvahelistel&nbsp;vokaalkonkurssidel&nbsp;esinemisele v\u00f5idab k\u00f5rgeid auhindu, tegeleb hingega karatega&nbsp;ning hea meelega joonistab.<\/p>\n","protected":false},"excerpt":{"rendered":"<p>Narva Muusikakooli kooriosakonna&nbsp;\u00f5pilane Beatrice Huber lisaks arvukatel rahvusvahelistel&nbsp;vokaalkonkurssidel&nbsp;esinemisele v\u00f5idab k\u00f5rgeid auhindu, tegeleb hingega karatega&nbsp;ning hea meelega joonistab.<\/p>\n","protected":false},"author":1,"featured_media":0,"comment_status":"closed","ping_status":"closed","sticky":false,"template":"","format":"standard","meta":{"footnotes":""},"categories":[1],"tags":[],"class_list":["post-3203","post","type-post","status-publish","format-standard","hentry","category-novosti"],"translation":{"provider":"WPGlobus","version":"3.0.2","language":"et","enabled_languages":["ru","et"],"languages":{"ru":{"title":true,"content":true,"excerpt":false},"et":{"title":true,"content":true,"excerpt":false}}},"_links":{"self":[{"href":"https:\/\/www.narvamuusika.ee\/et\/wp-json\/wp\/v2\/posts\/3203","targetHints":{"allow":["GET"]}}],"collection":[{"href":"https:\/\/www.narvamuusika.ee\/et\/wp-json\/wp\/v2\/posts"}],"about":[{"href":"https:\/\/www.narvamuusika.ee\/et\/wp-json\/wp\/v2\/types\/post"}],"author":[{"embeddable":true,"href":"https:\/\/www.narvamuusika.ee\/et\/wp-json\/wp\/v2\/users\/1"}],"replies":[{"embeddable":true,"href":"https:\/\/www.narvamuusika.ee\/et\/wp-json\/wp\/v2\/comments?post=3203"}],"version-history":[{"count":3,"href":"https:\/\/www.narvamuusika.ee\/et\/wp-json\/wp\/v2\/posts\/3203\/revisions"}],"predecessor-version":[{"id":3210,"href":"https:\/\/www.narvamuusika.ee\/et\/wp-json\/wp\/v2\/posts\/3203\/revisions\/3210"}],"wp:attachment":[{"href":"https:\/\/www.narvamuusika.ee\/et\/wp-json\/wp\/v2\/media?parent=3203"}],"wp:term":[{"taxonomy":"category","embeddable":true,"href":"https:\/\/www.narvamuusika.ee\/et\/wp-json\/wp\/v2\/categories?post=3203"},{"taxonomy":"post_tag","embeddable":true,"href":"https:\/\/www.narvamuusika.ee\/et\/wp-json\/wp\/v2\/tags?post=3203"}],"curies":[{"name":"wp","href":"https:\/\/api.w.org\/{rel}","templated":true}]}}