{"id":3281,"date":"2021-06-10T14:19:26","date_gmt":"2021-06-10T11:19:26","guid":{"rendered":"https:\/\/www.narvamuusika.ee\/?p=3281"},"modified":"2021-06-10T14:20:35","modified_gmt":"2021-06-10T11:20:35","slug":"%d0%be%d1%82%d0%ba%d1%80%d1%8b%d1%82%d0%b8%d0%b5-%d0%bb%d0%b5%d1%82%d0%bd%d0%b5%d0%b3%d0%be-%d1%81%d0%b5%d0%b7%d0%be%d0%bd%d0%b0","status":"publish","type":"post","link":"https:\/\/www.narvamuusika.ee\/et\/2021\/06\/10\/%d0%be%d1%82%d0%ba%d1%80%d1%8b%d1%82%d0%b8%d0%b5-%d0%bb%d0%b5%d1%82%d0%bd%d0%b5%d0%b3%d0%be-%d1%81%d0%b5%d0%b7%d0%be%d0%bd%d0%b0\/","title":{"rendered":"Suvehooaja avamine"},"content":{"rendered":"\n<p>juunil osalesid \u00f5petaja Alla Jakubova pop-jazzisolistid Matvei Kuharenkov, Aleksia Razuk, Kristel Treinbuk, Ekaterina Ostrou\u0161ko ja Valentina Hart\u0161enko promenaadil suvehooaja avamisele p\u00fchendatud kontsertprogrammis, \u00f5nnitledes k\u00f5iki k\u00fclalisi suve algusega. Pidu \u00f5nnestus! T\u00e4name k\u00f5iki osalejaid!<\/p>\n\n\n\n<figure class=\"wp-block-image size-large\"><img loading=\"lazy\" decoding=\"async\" width=\"1024\" height=\"1024\" src=\"https:\/\/www.narvamuusika.ee\/wp-content\/uploads\/2021\/06\/CollageMaker_20210608_220325120-1024x1024.jpg\" alt=\"\" class=\"wp-image-3284\" srcset=\"https:\/\/www.narvamuusika.ee\/wp-content\/uploads\/2021\/06\/CollageMaker_20210608_220325120.jpg 1024w, https:\/\/www.narvamuusika.ee\/wp-content\/uploads\/2021\/06\/CollageMaker_20210608_220325120-800x800.jpg 800w, https:\/\/www.narvamuusika.ee\/wp-content\/uploads\/2021\/06\/CollageMaker_20210608_220325120-600x600.jpg 600w, https:\/\/www.narvamuusika.ee\/wp-content\/uploads\/2021\/06\/CollageMaker_20210608_220325120-768x768.jpg 768w, https:\/\/www.narvamuusika.ee\/wp-content\/uploads\/2021\/06\/CollageMaker_20210608_220325120-300x300.jpg 300w\" sizes=\"auto, (max-width: 767px) 89vw, (max-width: 1000px) 54vw, (max-width: 1071px) 543px, 580px\" \/><\/figure>\n","protected":false},"excerpt":{"rendered":"<p>juunil osalesid \u00f5petaja Alla Jakubova pop-jazzisolistid Matvei Kuharenkov, Aleksia Razuk, Kristel Treinbuk, Ekaterina Ostrou\u0161ko ja Valentina Hart\u0161enko promenaadil suvehooaja avamisele p\u00fchendatud kontsertprogrammis, \u00f5nnitledes k\u00f5iki k\u00fclalisi suve algusega. Pidu \u00f5nnestus! T\u00e4name k\u00f5iki osalejaid!<\/p>\n","protected":false},"author":1,"featured_media":0,"comment_status":"closed","ping_status":"closed","sticky":false,"template":"","format":"standard","meta":{"footnotes":""},"categories":[1],"tags":[],"class_list":["post-3281","post","type-post","status-publish","format-standard","hentry","category-novosti"],"translation":{"provider":"WPGlobus","version":"3.0.2","language":"et","enabled_languages":["ru","et"],"languages":{"ru":{"title":true,"content":true,"excerpt":false},"et":{"title":true,"content":true,"excerpt":false}}},"_links":{"self":[{"href":"https:\/\/www.narvamuusika.ee\/et\/wp-json\/wp\/v2\/posts\/3281","targetHints":{"allow":["GET"]}}],"collection":[{"href":"https:\/\/www.narvamuusika.ee\/et\/wp-json\/wp\/v2\/posts"}],"about":[{"href":"https:\/\/www.narvamuusika.ee\/et\/wp-json\/wp\/v2\/types\/post"}],"author":[{"embeddable":true,"href":"https:\/\/www.narvamuusika.ee\/et\/wp-json\/wp\/v2\/users\/1"}],"replies":[{"embeddable":true,"href":"https:\/\/www.narvamuusika.ee\/et\/wp-json\/wp\/v2\/comments?post=3281"}],"version-history":[{"count":4,"href":"https:\/\/www.narvamuusika.ee\/et\/wp-json\/wp\/v2\/posts\/3281\/revisions"}],"predecessor-version":[{"id":3286,"href":"https:\/\/www.narvamuusika.ee\/et\/wp-json\/wp\/v2\/posts\/3281\/revisions\/3286"}],"wp:attachment":[{"href":"https:\/\/www.narvamuusika.ee\/et\/wp-json\/wp\/v2\/media?parent=3281"}],"wp:term":[{"taxonomy":"category","embeddable":true,"href":"https:\/\/www.narvamuusika.ee\/et\/wp-json\/wp\/v2\/categories?post=3281"},{"taxonomy":"post_tag","embeddable":true,"href":"https:\/\/www.narvamuusika.ee\/et\/wp-json\/wp\/v2\/tags?post=3281"}],"curies":[{"name":"wp","href":"https:\/\/api.w.org\/{rel}","templated":true}]}}