{"id":3287,"date":"2021-06-10T14:20:56","date_gmt":"2021-06-10T11:20:56","guid":{"rendered":"https:\/\/www.narvamuusika.ee\/?p=3287"},"modified":"2021-06-10T14:21:39","modified_gmt":"2021-06-10T11:21:39","slug":"%d0%ba%d0%be%d0%bd%d1%86%d0%b5%d1%80%d1%82-%d0%b3%d1%80%d1%83%d0%bf%d0%bf%d1%8b-pale-alison","status":"publish","type":"post","link":"https:\/\/www.narvamuusika.ee\/et\/2021\/06\/10\/%d0%ba%d0%be%d0%bd%d1%86%d0%b5%d1%80%d1%82-%d0%b3%d1%80%d1%83%d0%bf%d0%bf%d1%8b-pale-alison\/","title":{"rendered":"Grupi &#8220;Pale Alison&#8221; kontsert"},"content":{"rendered":"\n<p>juunil toimus Narva Ro-Ro kunstiklubis Pale Alisoni grupi kontsert, mille solistideks on \u00f5petaja Alla Jakubova pop-jazzi vokaali\u00f5pilased. Evelina Koop ja Elizaveta Ander\u017eanova mitte ainult ei esita, vaid komponeerivad iseseisvalt nii s\u00f5nu kui ka muusikat oma laulude jaoks. Soovime neile edasist loomingulist inspiratsiooni.<\/p>\n","protected":false},"excerpt":{"rendered":"<p>juunil toimus Narva Ro-Ro kunstiklubis Pale Alisoni grupi kontsert, mille solistideks on \u00f5petaja Alla Jakubova pop-jazzi vokaali\u00f5pilased. Evelina Koop ja Elizaveta Ander\u017eanova mitte ainult ei esita, vaid komponeerivad iseseisvalt nii s\u00f5nu kui ka muusikat oma laulude jaoks. Soovime neile edasist loomingulist inspiratsiooni.<\/p>\n","protected":false},"author":1,"featured_media":0,"comment_status":"closed","ping_status":"closed","sticky":false,"template":"","format":"standard","meta":{"footnotes":""},"categories":[1],"tags":[],"class_list":["post-3287","post","type-post","status-publish","format-standard","hentry","category-novosti"],"translation":{"provider":"WPGlobus","version":"3.0.2","language":"et","enabled_languages":["ru","et"],"languages":{"ru":{"title":true,"content":true,"excerpt":false},"et":{"title":true,"content":true,"excerpt":false}}},"_links":{"self":[{"href":"https:\/\/www.narvamuusika.ee\/et\/wp-json\/wp\/v2\/posts\/3287","targetHints":{"allow":["GET"]}}],"collection":[{"href":"https:\/\/www.narvamuusika.ee\/et\/wp-json\/wp\/v2\/posts"}],"about":[{"href":"https:\/\/www.narvamuusika.ee\/et\/wp-json\/wp\/v2\/types\/post"}],"author":[{"embeddable":true,"href":"https:\/\/www.narvamuusika.ee\/et\/wp-json\/wp\/v2\/users\/1"}],"replies":[{"embeddable":true,"href":"https:\/\/www.narvamuusika.ee\/et\/wp-json\/wp\/v2\/comments?post=3287"}],"version-history":[{"count":2,"href":"https:\/\/www.narvamuusika.ee\/et\/wp-json\/wp\/v2\/posts\/3287\/revisions"}],"predecessor-version":[{"id":3289,"href":"https:\/\/www.narvamuusika.ee\/et\/wp-json\/wp\/v2\/posts\/3287\/revisions\/3289"}],"wp:attachment":[{"href":"https:\/\/www.narvamuusika.ee\/et\/wp-json\/wp\/v2\/media?parent=3287"}],"wp:term":[{"taxonomy":"category","embeddable":true,"href":"https:\/\/www.narvamuusika.ee\/et\/wp-json\/wp\/v2\/categories?post=3287"},{"taxonomy":"post_tag","embeddable":true,"href":"https:\/\/www.narvamuusika.ee\/et\/wp-json\/wp\/v2\/tags?post=3287"}],"curies":[{"name":"wp","href":"https:\/\/api.w.org\/{rel}","templated":true}]}}