{"id":3311,"date":"2021-08-24T16:50:24","date_gmt":"2021-08-24T13:50:24","guid":{"rendered":"https:\/\/www.narvamuusika.ee\/?p=3311"},"modified":"2021-08-24T16:52:51","modified_gmt":"2021-08-24T13:52:51","slug":"annetekoda-2021","status":"publish","type":"post","link":"https:\/\/www.narvamuusika.ee\/et\/2021\/08\/24\/annetekoda-2021\/","title":{"rendered":"Annetekoda 2021"},"content":{"rendered":"<p>18. augustil toimus Kohtla-J\u00e4rve kultuurikeskuses Ida-Virumaal vabariikliku talentide konkursi \u201cAnnetekoda 2021\u201d eelvoor. Eelvoorudes valis \u017e\u00fcrii v\u00e4lja 24 parimat finaali p\u00e4\u00e4senud esindajat. Meie kooli esindasid \u00f5petaja Svetlana Voitenko \u00f5pilased &#8211; Beatrice Khuber, Polina Somova ja vokaalansambel &#8220;La primavera&#8221; (kontsertmeister Jelena Petrishcheva). Nad said ilmekalt esitleda oma annet ja oskusi, said kutse esineda Alexela kontserdimaja laval Tallinnas toimuva konkursi finaalis, mis toimub 19. septembril. Kontserdimajas esineb ka \u201cAnnetekoda 2021\u201d patroon ja Eurovisioonil osaleja Uku Suviste.<\/p>\n\n\n<figure class=\"wp-block-image size-large\"><img loading=\"lazy\" decoding=\"async\" width=\"1024\" height=\"1024\" src=\"https:\/\/www.narvamuusika.ee\/wp-content\/uploads\/2021\/08\/CollageMaker_20210819_110934930-1024x1024.jpg\" alt=\"\" class=\"wp-image-3314\" srcset=\"https:\/\/www.narvamuusika.ee\/wp-content\/uploads\/2021\/08\/CollageMaker_20210819_110934930-1024x1024.jpg 1024w, https:\/\/www.narvamuusika.ee\/wp-content\/uploads\/2021\/08\/CollageMaker_20210819_110934930-800x800.jpg 800w, https:\/\/www.narvamuusika.ee\/wp-content\/uploads\/2021\/08\/CollageMaker_20210819_110934930-600x600.jpg 600w, https:\/\/www.narvamuusika.ee\/wp-content\/uploads\/2021\/08\/CollageMaker_20210819_110934930-768x768.jpg 768w, https:\/\/www.narvamuusika.ee\/wp-content\/uploads\/2021\/08\/CollageMaker_20210819_110934930-1536x1536.jpg 1536w, https:\/\/www.narvamuusika.ee\/wp-content\/uploads\/2021\/08\/CollageMaker_20210819_110934930.jpg 2048w, https:\/\/www.narvamuusika.ee\/wp-content\/uploads\/2021\/08\/CollageMaker_20210819_110934930-300x300.jpg 300w\" sizes=\"auto, (max-width: 767px) 89vw, (max-width: 1000px) 54vw, (max-width: 1071px) 543px, 580px\" \/><\/figure>\n","protected":false},"excerpt":{"rendered":"<p>18. augustil toimus Kohtla-J\u00e4rve kultuurikeskuses Ida-Virumaal vabariikliku talentide konkursi \u201cAnnetekoda 2021\u201d eelvoor. Eelvoorudes valis \u017e\u00fcrii v\u00e4lja 24 parimat finaali p\u00e4\u00e4senud esindajat. Meie kooli esindasid \u00f5petaja Svetlana Voitenko \u00f5pilased &#8211; Beatrice Khuber, Polina Somova ja vokaalansambel &#8220;La primavera&#8221; (kontsertmeister Jelena Petrishcheva). Nad said ilmekalt esitleda oma annet ja oskusi, said kutse esineda Alexela kontserdimaja laval Tallinnas &hellip; <\/p>\n<p class=\"link-more\"><a href=\"https:\/\/www.narvamuusika.ee\/et\/2021\/08\/24\/annetekoda-2021\/\" class=\"more-link\">Continue reading<span class=\"screen-reader-text\"> &#8220;Annetekoda 2021&#8221;<\/span><\/a><\/p>\n","protected":false},"author":1,"featured_media":0,"comment_status":"closed","ping_status":"closed","sticky":false,"template":"","format":"standard","meta":{"footnotes":""},"categories":[1],"tags":[],"class_list":["post-3311","post","type-post","status-publish","format-standard","hentry","category-novosti"],"translation":{"provider":"WPGlobus","version":"3.0.2","language":"et","enabled_languages":["ru","et"],"languages":{"ru":{"title":true,"content":true,"excerpt":false},"et":{"title":true,"content":true,"excerpt":false}}},"_links":{"self":[{"href":"https:\/\/www.narvamuusika.ee\/et\/wp-json\/wp\/v2\/posts\/3311","targetHints":{"allow":["GET"]}}],"collection":[{"href":"https:\/\/www.narvamuusika.ee\/et\/wp-json\/wp\/v2\/posts"}],"about":[{"href":"https:\/\/www.narvamuusika.ee\/et\/wp-json\/wp\/v2\/types\/post"}],"author":[{"embeddable":true,"href":"https:\/\/www.narvamuusika.ee\/et\/wp-json\/wp\/v2\/users\/1"}],"replies":[{"embeddable":true,"href":"https:\/\/www.narvamuusika.ee\/et\/wp-json\/wp\/v2\/comments?post=3311"}],"version-history":[{"count":4,"href":"https:\/\/www.narvamuusika.ee\/et\/wp-json\/wp\/v2\/posts\/3311\/revisions"}],"predecessor-version":[{"id":3316,"href":"https:\/\/www.narvamuusika.ee\/et\/wp-json\/wp\/v2\/posts\/3311\/revisions\/3316"}],"wp:attachment":[{"href":"https:\/\/www.narvamuusika.ee\/et\/wp-json\/wp\/v2\/media?parent=3311"}],"wp:term":[{"taxonomy":"category","embeddable":true,"href":"https:\/\/www.narvamuusika.ee\/et\/wp-json\/wp\/v2\/categories?post=3311"},{"taxonomy":"post_tag","embeddable":true,"href":"https:\/\/www.narvamuusika.ee\/et\/wp-json\/wp\/v2\/tags?post=3311"}],"curies":[{"name":"wp","href":"https:\/\/api.w.org\/{rel}","templated":true}]}}