{"id":3328,"date":"2021-08-31T10:14:07","date_gmt":"2021-08-31T07:14:07","guid":{"rendered":"https:\/\/www.narvamuusika.ee\/?p=3328"},"modified":"2021-08-31T10:16:48","modified_gmt":"2021-08-31T07:16:48","slug":"kallised-opilased-opetajad-ja-lastevanemad","status":"publish","type":"post","link":"https:\/\/www.narvamuusika.ee\/et\/2021\/08\/31\/kallised-opilased-opetajad-ja-lastevanemad\/","title":{"rendered":"Kallised \u00f5pilased, \u00f5petajad ja lastevanemad!"},"content":{"rendered":"\n<p>1.&nbsp;&nbsp;&nbsp;&nbsp;&nbsp;september on teadmistep\u00e4ev ehk tarkusep\u00e4ev.<\/p>\n\n\n\n<p>T\u00e4na saab alguse uus kooliaasta.<\/p>\n\n\n\n<p>Kaunist ja teadmisterohket alanud \u00f5ppeaastat!&nbsp;<\/p>\n\n\n\n<figure class=\"wp-block-image size-full\"><img loading=\"lazy\" decoding=\"async\" width=\"550\" height=\"413\" src=\"https:\/\/www.narvamuusika.ee\/wp-content\/uploads\/2021\/08\/1-September.jpg\" alt=\"\" class=\"wp-image-3329\" srcset=\"https:\/\/www.narvamuusika.ee\/wp-content\/uploads\/2021\/08\/1-September.jpg 550w, https:\/\/www.narvamuusika.ee\/wp-content\/uploads\/2021\/08\/1-September-400x300.jpg 400w\" sizes=\"auto, (max-width: 550px) 100vw, 550px\" \/><\/figure>\n","protected":false},"excerpt":{"rendered":"<p>1.&nbsp;&nbsp;&nbsp;&nbsp;&nbsp;september on teadmistep\u00e4ev ehk tarkusep\u00e4ev. T\u00e4na saab alguse uus kooliaasta. Kaunist ja teadmisterohket alanud \u00f5ppeaastat!&nbsp;<\/p>\n","protected":false},"author":1,"featured_media":3332,"comment_status":"closed","ping_status":"closed","sticky":false,"template":"","format":"standard","meta":{"footnotes":""},"categories":[1],"tags":[],"class_list":["post-3328","post","type-post","status-publish","format-standard","has-post-thumbnail","hentry","category-novosti"],"translation":{"provider":"WPGlobus","version":"3.0.2","language":"et","enabled_languages":["ru","et"],"languages":{"ru":{"title":true,"content":true,"excerpt":false},"et":{"title":true,"content":true,"excerpt":false}}},"_links":{"self":[{"href":"https:\/\/www.narvamuusika.ee\/et\/wp-json\/wp\/v2\/posts\/3328","targetHints":{"allow":["GET"]}}],"collection":[{"href":"https:\/\/www.narvamuusika.ee\/et\/wp-json\/wp\/v2\/posts"}],"about":[{"href":"https:\/\/www.narvamuusika.ee\/et\/wp-json\/wp\/v2\/types\/post"}],"author":[{"embeddable":true,"href":"https:\/\/www.narvamuusika.ee\/et\/wp-json\/wp\/v2\/users\/1"}],"replies":[{"embeddable":true,"href":"https:\/\/www.narvamuusika.ee\/et\/wp-json\/wp\/v2\/comments?post=3328"}],"version-history":[{"count":3,"href":"https:\/\/www.narvamuusika.ee\/et\/wp-json\/wp\/v2\/posts\/3328\/revisions"}],"predecessor-version":[{"id":3333,"href":"https:\/\/www.narvamuusika.ee\/et\/wp-json\/wp\/v2\/posts\/3328\/revisions\/3333"}],"wp:featuredmedia":[{"embeddable":true,"href":"https:\/\/www.narvamuusika.ee\/et\/wp-json\/wp\/v2\/media\/3332"}],"wp:attachment":[{"href":"https:\/\/www.narvamuusika.ee\/et\/wp-json\/wp\/v2\/media?parent=3328"}],"wp:term":[{"taxonomy":"category","embeddable":true,"href":"https:\/\/www.narvamuusika.ee\/et\/wp-json\/wp\/v2\/categories?post=3328"},{"taxonomy":"post_tag","embeddable":true,"href":"https:\/\/www.narvamuusika.ee\/et\/wp-json\/wp\/v2\/tags?post=3328"}],"curies":[{"name":"wp","href":"https:\/\/api.w.org\/{rel}","templated":true}]}}