{"id":3616,"date":"2022-01-13T18:05:29","date_gmt":"2022-01-13T15:05:29","guid":{"rendered":"https:\/\/www.narvamuusika.ee\/?p=3616"},"modified":"2022-01-26T12:00:34","modified_gmt":"2022-01-26T09:00:34","slug":"%d0%bd%d0%b0%d1%80%d0%be%d0%b4-%d0%bf%d0%be%d0%b5%d1%82","status":"publish","type":"post","link":"https:\/\/www.narvamuusika.ee\/et\/2022\/01\/13\/%d0%bd%d0%b0%d1%80%d0%be%d0%b4-%d0%bf%d0%be%d0%b5%d1%82\/","title":{"rendered":"Rahvas laulab"},"content":{"rendered":"\n<p>Jaanuari alguses osales grupi Pale Alison koosseisus pop-jazz vokaali\u00f5pilane Evelina Koop ETV + kanali \u201cRahvas laulab\u201d saate salvestusel. Tegemist on muusikalise konkursiga, mille h\u00e4\u00e4letusel osalevad nii \u017e\u00fcrii stuudios kui ka televaatajad. Ettevalmistamisel oli abiks \u00f5petaja Alla Yakubova, kes tegeles heliteose seadega, taustavokaali ja t\u00f6\u00f6 h\u00e4\u00e4lega. Soovime Evelina Koopile ja Pale Alisonile palju edu projektis!<\/p>\n\n\n\n<figure class=\"wp-block-image size-large\"><img loading=\"lazy\" decoding=\"async\" width=\"1024\" height=\"875\" src=\"https:\/\/www.narvamuusika.ee\/wp-content\/uploads\/2022\/01\/FB_IMG_1641984798626-1024x875.jpg\" alt=\"\" class=\"wp-image-3619\" srcset=\"https:\/\/www.narvamuusika.ee\/wp-content\/uploads\/2022\/01\/FB_IMG_1641984798626-1024x875.jpg 1024w, https:\/\/www.narvamuusika.ee\/wp-content\/uploads\/2022\/01\/FB_IMG_1641984798626-800x684.jpg 800w, https:\/\/www.narvamuusika.ee\/wp-content\/uploads\/2022\/01\/FB_IMG_1641984798626-768x656.jpg 768w, https:\/\/www.narvamuusika.ee\/wp-content\/uploads\/2022\/01\/FB_IMG_1641984798626-351x300.jpg 351w, https:\/\/www.narvamuusika.ee\/wp-content\/uploads\/2022\/01\/FB_IMG_1641984798626.jpg 1080w\" sizes=\"auto, (max-width: 767px) 89vw, (max-width: 1000px) 54vw, (max-width: 1071px) 543px, 580px\" \/><\/figure>\n","protected":false},"excerpt":{"rendered":"<p>Jaanuari alguses osales grupi Pale Alison koosseisus pop-jazz vokaali\u00f5pilane Evelina Koop ETV + kanali \u201cRahvas laulab\u201d saate salvestusel. Tegemist on muusikalise konkursiga, mille h\u00e4\u00e4letusel osalevad nii \u017e\u00fcrii stuudios kui ka televaatajad. Ettevalmistamisel oli abiks \u00f5petaja Alla Yakubova, kes tegeles heliteose seadega, taustavokaali ja t\u00f6\u00f6 h\u00e4\u00e4lega. Soovime Evelina Koopile ja Pale Alisonile palju edu projektis!<\/p>\n","protected":false},"author":1,"featured_media":3619,"comment_status":"closed","ping_status":"closed","sticky":false,"template":"","format":"standard","meta":{"footnotes":""},"categories":[1],"tags":[],"class_list":["post-3616","post","type-post","status-publish","format-standard","has-post-thumbnail","hentry","category-novosti"],"translation":{"provider":"WPGlobus","version":"3.0.2","language":"et","enabled_languages":["ru","et"],"languages":{"ru":{"title":true,"content":true,"excerpt":false},"et":{"title":true,"content":true,"excerpt":false}}},"_links":{"self":[{"href":"https:\/\/www.narvamuusika.ee\/et\/wp-json\/wp\/v2\/posts\/3616","targetHints":{"allow":["GET"]}}],"collection":[{"href":"https:\/\/www.narvamuusika.ee\/et\/wp-json\/wp\/v2\/posts"}],"about":[{"href":"https:\/\/www.narvamuusika.ee\/et\/wp-json\/wp\/v2\/types\/post"}],"author":[{"embeddable":true,"href":"https:\/\/www.narvamuusika.ee\/et\/wp-json\/wp\/v2\/users\/1"}],"replies":[{"embeddable":true,"href":"https:\/\/www.narvamuusika.ee\/et\/wp-json\/wp\/v2\/comments?post=3616"}],"version-history":[{"count":4,"href":"https:\/\/www.narvamuusika.ee\/et\/wp-json\/wp\/v2\/posts\/3616\/revisions"}],"predecessor-version":[{"id":3621,"href":"https:\/\/www.narvamuusika.ee\/et\/wp-json\/wp\/v2\/posts\/3616\/revisions\/3621"}],"wp:featuredmedia":[{"embeddable":true,"href":"https:\/\/www.narvamuusika.ee\/et\/wp-json\/wp\/v2\/media\/3619"}],"wp:attachment":[{"href":"https:\/\/www.narvamuusika.ee\/et\/wp-json\/wp\/v2\/media?parent=3616"}],"wp:term":[{"taxonomy":"category","embeddable":true,"href":"https:\/\/www.narvamuusika.ee\/et\/wp-json\/wp\/v2\/categories?post=3616"},{"taxonomy":"post_tag","embeddable":true,"href":"https:\/\/www.narvamuusika.ee\/et\/wp-json\/wp\/v2\/tags?post=3616"}],"curies":[{"name":"wp","href":"https:\/\/api.w.org\/{rel}","templated":true}]}}