{"id":3756,"date":"2022-03-14T16:13:30","date_gmt":"2022-03-14T13:13:30","guid":{"rendered":"https:\/\/www.narvamuusika.ee\/?p=3756"},"modified":"2022-03-14T16:15:28","modified_gmt":"2022-03-14T13:15:28","slug":"%d0%b2%d0%b5%d1%81%d0%b5%d0%bd%d0%bd%d0%b8%d0%b9-%d0%ba%d0%be%d0%bd%d1%86%d0%b5%d1%80%d1%82-3","status":"publish","type":"post","link":"https:\/\/www.narvamuusika.ee\/et\/2022\/03\/14\/%d0%b2%d0%b5%d1%81%d0%b5%d0%bd%d0%bd%d0%b8%d0%b9-%d0%ba%d0%be%d0%bd%d1%86%d0%b5%d1%80%d1%82-3\/","title":{"rendered":"Kevadkontsert"},"content":{"rendered":"\n<p>10. m\u00e4rtsil toimus koolis kooriosakonnas esimesele kevadp\u00fchale \u2013 Rahvusvahelisele naistep\u00e4evale p\u00fchendatud kontsert. Suure heameelega esinesid kollektiivid ja solistid piduliku kontsertkavaga, p\u00fchendades iga etteaste oma armastatud emadele, vanaemadele ja k\u00f5ikidele naistele! Ait\u00e4h osalejatele ja \u00f5petajatele kontserdiks valmistumise eest, aga ka sooja \u00f5hkkonna eest!<\/p>\n\n\n\n<figure class=\"wp-block-gallery has-nested-images columns-default is-cropped wp-block-gallery-1 is-layout-flex wp-block-gallery-is-layout-flex\">\n<figure class=\"wp-block-image size-large\"><img loading=\"lazy\" decoding=\"async\" width=\"1024\" height=\"630\" data-id=\"3759\" src=\"https:\/\/www.narvamuusika.ee\/wp-content\/uploads\/2022\/03\/\u0438\u0437\u043e\u0431\u0440\u0430\u0436\u0435\u043d\u0438\u0435_viber_2022-03-11_14-31-51-557-2-1024x630.jpg\" alt=\"\" class=\"wp-image-3759\" srcset=\"https:\/\/www.narvamuusika.ee\/wp-content\/uploads\/2022\/03\/\u0438\u0437\u043e\u0431\u0440\u0430\u0436\u0435\u043d\u0438\u0435_viber_2022-03-11_14-31-51-557-2-1024x630.jpg 1024w, https:\/\/www.narvamuusika.ee\/wp-content\/uploads\/2022\/03\/\u0438\u0437\u043e\u0431\u0440\u0430\u0436\u0435\u043d\u0438\u0435_viber_2022-03-11_14-31-51-557-2-800x492.jpg 800w, https:\/\/www.narvamuusika.ee\/wp-content\/uploads\/2022\/03\/\u0438\u0437\u043e\u0431\u0440\u0430\u0436\u0435\u043d\u0438\u0435_viber_2022-03-11_14-31-51-557-2-768x472.jpg 768w, https:\/\/www.narvamuusika.ee\/wp-content\/uploads\/2022\/03\/\u0438\u0437\u043e\u0431\u0440\u0430\u0436\u0435\u043d\u0438\u0435_viber_2022-03-11_14-31-51-557-2-1536x945.jpg 1536w, https:\/\/www.narvamuusika.ee\/wp-content\/uploads\/2022\/03\/\u0438\u0437\u043e\u0431\u0440\u0430\u0436\u0435\u043d\u0438\u0435_viber_2022-03-11_14-31-51-557-2-400x246.jpg 400w, https:\/\/www.narvamuusika.ee\/wp-content\/uploads\/2022\/03\/\u0438\u0437\u043e\u0431\u0440\u0430\u0436\u0435\u043d\u0438\u0435_viber_2022-03-11_14-31-51-557-2.jpg 1582w\" sizes=\"auto, (max-width: 767px) 89vw, (max-width: 1000px) 54vw, (max-width: 1071px) 543px, 580px\" \/><\/figure>\n\n\n\n<figure class=\"wp-block-image size-large\"><img loading=\"lazy\" decoding=\"async\" width=\"1024\" height=\"757\" data-id=\"3761\" src=\"https:\/\/www.narvamuusika.ee\/wp-content\/uploads\/2022\/03\/IMG20220310191733-2-1024x757.jpg\" alt=\"\" class=\"wp-image-3761\" srcset=\"https:\/\/www.narvamuusika.ee\/wp-content\/uploads\/2022\/03\/IMG20220310191733-2-1024x757.jpg 1024w, https:\/\/www.narvamuusika.ee\/wp-content\/uploads\/2022\/03\/IMG20220310191733-2-800x592.jpg 800w, https:\/\/www.narvamuusika.ee\/wp-content\/uploads\/2022\/03\/IMG20220310191733-2-768x568.jpg 768w, https:\/\/www.narvamuusika.ee\/wp-content\/uploads\/2022\/03\/IMG20220310191733-2-1536x1136.jpg 1536w, https:\/\/www.narvamuusika.ee\/wp-content\/uploads\/2022\/03\/IMG20220310191733-2-2048x1514.jpg 2048w, https:\/\/www.narvamuusika.ee\/wp-content\/uploads\/2022\/03\/IMG20220310191733-2-400x296.jpg 400w\" sizes=\"auto, (max-width: 767px) 89vw, (max-width: 1000px) 54vw, (max-width: 1071px) 543px, 580px\" \/><\/figure>\n\n\n\n<figure class=\"wp-block-image size-large\"><img loading=\"lazy\" decoding=\"async\" width=\"1024\" height=\"768\" data-id=\"3760\" src=\"https:\/\/www.narvamuusika.ee\/wp-content\/uploads\/2022\/03\/IMG20220310185126-2-1024x768.jpg\" alt=\"\" class=\"wp-image-3760\" srcset=\"https:\/\/www.narvamuusika.ee\/wp-content\/uploads\/2022\/03\/IMG20220310185126-2-1024x768.jpg 1024w, https:\/\/www.narvamuusika.ee\/wp-content\/uploads\/2022\/03\/IMG20220310185126-2-800x600.jpg 800w, https:\/\/www.narvamuusika.ee\/wp-content\/uploads\/2022\/03\/IMG20220310185126-2-768x576.jpg 768w, https:\/\/www.narvamuusika.ee\/wp-content\/uploads\/2022\/03\/IMG20220310185126-2-1536x1152.jpg 1536w, https:\/\/www.narvamuusika.ee\/wp-content\/uploads\/2022\/03\/IMG20220310185126-2-400x300.jpg 400w, https:\/\/www.narvamuusika.ee\/wp-content\/uploads\/2022\/03\/IMG20220310185126-2.jpg 1997w\" sizes=\"auto, (max-width: 767px) 89vw, (max-width: 1000px) 54vw, (max-width: 1071px) 543px, 580px\" \/><\/figure>\n\n\n\n<figure class=\"wp-block-image size-large\"><img loading=\"lazy\" decoding=\"async\" width=\"1024\" height=\"549\" data-id=\"3763\" src=\"https:\/\/www.narvamuusika.ee\/wp-content\/uploads\/2022\/03\/IMG20220310180630-2-1024x549.jpg\" alt=\"\" class=\"wp-image-3763\" srcset=\"https:\/\/www.narvamuusika.ee\/wp-content\/uploads\/2022\/03\/IMG20220310180630-2-1024x549.jpg 1024w, https:\/\/www.narvamuusika.ee\/wp-content\/uploads\/2022\/03\/IMG20220310180630-2-800x429.jpg 800w, https:\/\/www.narvamuusika.ee\/wp-content\/uploads\/2022\/03\/IMG20220310180630-2-768x412.jpg 768w, https:\/\/www.narvamuusika.ee\/wp-content\/uploads\/2022\/03\/IMG20220310180630-2-1536x824.jpg 1536w, https:\/\/www.narvamuusika.ee\/wp-content\/uploads\/2022\/03\/IMG20220310180630-2-2048x1099.jpg 2048w, https:\/\/www.narvamuusika.ee\/wp-content\/uploads\/2022\/03\/IMG20220310180630-2-400x215.jpg 400w\" sizes=\"auto, (max-width: 767px) 89vw, (max-width: 1000px) 54vw, (max-width: 1071px) 543px, 580px\" \/><\/figure>\n\n\n\n<figure class=\"wp-block-image size-large\"><img loading=\"lazy\" decoding=\"async\" width=\"1024\" height=\"578\" data-id=\"3762\" src=\"https:\/\/www.narvamuusika.ee\/wp-content\/uploads\/2022\/03\/IMG20220310182407-2-1024x578.jpg\" alt=\"\" class=\"wp-image-3762\" srcset=\"https:\/\/www.narvamuusika.ee\/wp-content\/uploads\/2022\/03\/IMG20220310182407-2-1024x578.jpg 1024w, https:\/\/www.narvamuusika.ee\/wp-content\/uploads\/2022\/03\/IMG20220310182407-2-800x452.jpg 800w, https:\/\/www.narvamuusika.ee\/wp-content\/uploads\/2022\/03\/IMG20220310182407-2-768x434.jpg 768w, https:\/\/www.narvamuusika.ee\/wp-content\/uploads\/2022\/03\/IMG20220310182407-2-1536x867.jpg 1536w, https:\/\/www.narvamuusika.ee\/wp-content\/uploads\/2022\/03\/IMG20220310182407-2-2048x1156.jpg 2048w, https:\/\/www.narvamuusika.ee\/wp-content\/uploads\/2022\/03\/IMG20220310182407-2-400x226.jpg 400w\" sizes=\"auto, (max-width: 767px) 89vw, (max-width: 1000px) 54vw, (max-width: 1071px) 543px, 580px\" \/><\/figure>\n<\/figure>\n","protected":false},"excerpt":{"rendered":"<p>10. m\u00e4rtsil toimus koolis kooriosakonnas esimesele kevadp\u00fchale \u2013 Rahvusvahelisele naistep\u00e4evale p\u00fchendatud kontsert. Suure heameelega esinesid kollektiivid ja solistid piduliku kontsertkavaga, p\u00fchendades iga etteaste oma armastatud emadele, vanaemadele ja k\u00f5ikidele naistele! Ait\u00e4h osalejatele ja \u00f5petajatele kontserdiks valmistumise eest, aga ka sooja \u00f5hkkonna eest!<\/p>\n","protected":false},"author":1,"featured_media":0,"comment_status":"closed","ping_status":"closed","sticky":false,"template":"","format":"standard","meta":{"footnotes":""},"categories":[1],"tags":[],"class_list":["post-3756","post","type-post","status-publish","format-standard","hentry","category-novosti"],"translation":{"provider":"WPGlobus","version":"3.0.2","language":"et","enabled_languages":["ru","et"],"languages":{"ru":{"title":true,"content":true,"excerpt":false},"et":{"title":true,"content":true,"excerpt":false}}},"_links":{"self":[{"href":"https:\/\/www.narvamuusika.ee\/et\/wp-json\/wp\/v2\/posts\/3756","targetHints":{"allow":["GET"]}}],"collection":[{"href":"https:\/\/www.narvamuusika.ee\/et\/wp-json\/wp\/v2\/posts"}],"about":[{"href":"https:\/\/www.narvamuusika.ee\/et\/wp-json\/wp\/v2\/types\/post"}],"author":[{"embeddable":true,"href":"https:\/\/www.narvamuusika.ee\/et\/wp-json\/wp\/v2\/users\/1"}],"replies":[{"embeddable":true,"href":"https:\/\/www.narvamuusika.ee\/et\/wp-json\/wp\/v2\/comments?post=3756"}],"version-history":[{"count":5,"href":"https:\/\/www.narvamuusika.ee\/et\/wp-json\/wp\/v2\/posts\/3756\/revisions"}],"predecessor-version":[{"id":3767,"href":"https:\/\/www.narvamuusika.ee\/et\/wp-json\/wp\/v2\/posts\/3756\/revisions\/3767"}],"wp:attachment":[{"href":"https:\/\/www.narvamuusika.ee\/et\/wp-json\/wp\/v2\/media?parent=3756"}],"wp:term":[{"taxonomy":"category","embeddable":true,"href":"https:\/\/www.narvamuusika.ee\/et\/wp-json\/wp\/v2\/categories?post=3756"},{"taxonomy":"post_tag","embeddable":true,"href":"https:\/\/www.narvamuusika.ee\/et\/wp-json\/wp\/v2\/tags?post=3756"}],"curies":[{"name":"wp","href":"https:\/\/api.w.org\/{rel}","templated":true}]}}