{"id":3921,"date":"2022-05-31T11:54:37","date_gmt":"2022-05-31T08:54:37","guid":{"rendered":"https:\/\/www.narvamuusika.ee\/?p=3921"},"modified":"2022-05-31T11:56:23","modified_gmt":"2022-05-31T08:56:23","slug":"tiri-ja-tomba-2022","status":"publish","type":"post","link":"https:\/\/www.narvamuusika.ee\/et\/2022\/05\/31\/tiri-ja-tomba-2022\/","title":{"rendered":"Tiri ja T\u00f5mba 2022"},"content":{"rendered":"\n<p>28. mail osales Rakveres kooriosakonna akordioniansambel &#8220;\u00dcllatus&#8221; \u00fcritusel &#8220;Akrdeonip\u00e4ev Tiri ja T\u00f5mba 2022&#8221;. \u00d5petajate Galina Voronova ja Viktor Tarasovi kahe klassi \u00f5pilased esinesid nii ansamblis, \u00fchendorkestris koos \u00f5pilastega erinevatest Eestimaa paikadest kui ka soolokavaga. Esinemist m\u00e4rkis \u00e4ra projekti korraldaja, \u00f5petaja &#8211; metoodik Margus Laguesaar ja saalis viibinud publiku aplaus.<\/p>\n\n\n\n<figure class=\"wp-block-image size-large\"><img loading=\"lazy\" decoding=\"async\" width=\"1024\" height=\"768\" src=\"https:\/\/www.narvamuusika.ee\/wp-content\/uploads\/2022\/05\/20220528_190240_001-1024x768.jpg\" alt=\"\" class=\"wp-image-3924\" srcset=\"https:\/\/www.narvamuusika.ee\/wp-content\/uploads\/2022\/05\/20220528_190240_001-1024x768.jpg 1024w, https:\/\/www.narvamuusika.ee\/wp-content\/uploads\/2022\/05\/20220528_190240_001-800x600.jpg 800w, https:\/\/www.narvamuusika.ee\/wp-content\/uploads\/2022\/05\/20220528_190240_001-768x576.jpg 768w, https:\/\/www.narvamuusika.ee\/wp-content\/uploads\/2022\/05\/20220528_190240_001-1536x1152.jpg 1536w, https:\/\/www.narvamuusika.ee\/wp-content\/uploads\/2022\/05\/20220528_190240_001-400x300.jpg 400w, https:\/\/www.narvamuusika.ee\/wp-content\/uploads\/2022\/05\/20220528_190240_001.jpg 1870w\" sizes=\"auto, (max-width: 767px) 89vw, (max-width: 1000px) 54vw, (max-width: 1071px) 543px, 580px\" \/><\/figure>\n","protected":false},"excerpt":{"rendered":"<p>28. mail osales Rakveres kooriosakonna akordioniansambel &#8220;\u00dcllatus&#8221; \u00fcritusel &#8220;Akrdeonip\u00e4ev Tiri ja T\u00f5mba 2022&#8221;. \u00d5petajate Galina Voronova ja Viktor Tarasovi kahe klassi \u00f5pilased esinesid nii ansamblis, \u00fchendorkestris koos \u00f5pilastega erinevatest Eestimaa paikadest kui ka soolokavaga. Esinemist m\u00e4rkis \u00e4ra projekti korraldaja, \u00f5petaja &#8211; metoodik Margus Laguesaar ja saalis viibinud publiku aplaus.<\/p>\n","protected":false},"author":1,"featured_media":3924,"comment_status":"closed","ping_status":"closed","sticky":false,"template":"","format":"standard","meta":{"footnotes":""},"categories":[1],"tags":[],"class_list":["post-3921","post","type-post","status-publish","format-standard","has-post-thumbnail","hentry","category-novosti"],"translation":{"provider":"WPGlobus","version":"3.0.2","language":"et","enabled_languages":["ru","et"],"languages":{"ru":{"title":true,"content":true,"excerpt":false},"et":{"title":true,"content":true,"excerpt":false}}},"_links":{"self":[{"href":"https:\/\/www.narvamuusika.ee\/et\/wp-json\/wp\/v2\/posts\/3921","targetHints":{"allow":["GET"]}}],"collection":[{"href":"https:\/\/www.narvamuusika.ee\/et\/wp-json\/wp\/v2\/posts"}],"about":[{"href":"https:\/\/www.narvamuusika.ee\/et\/wp-json\/wp\/v2\/types\/post"}],"author":[{"embeddable":true,"href":"https:\/\/www.narvamuusika.ee\/et\/wp-json\/wp\/v2\/users\/1"}],"replies":[{"embeddable":true,"href":"https:\/\/www.narvamuusika.ee\/et\/wp-json\/wp\/v2\/comments?post=3921"}],"version-history":[{"count":4,"href":"https:\/\/www.narvamuusika.ee\/et\/wp-json\/wp\/v2\/posts\/3921\/revisions"}],"predecessor-version":[{"id":3927,"href":"https:\/\/www.narvamuusika.ee\/et\/wp-json\/wp\/v2\/posts\/3921\/revisions\/3927"}],"wp:featuredmedia":[{"embeddable":true,"href":"https:\/\/www.narvamuusika.ee\/et\/wp-json\/wp\/v2\/media\/3924"}],"wp:attachment":[{"href":"https:\/\/www.narvamuusika.ee\/et\/wp-json\/wp\/v2\/media?parent=3921"}],"wp:term":[{"taxonomy":"category","embeddable":true,"href":"https:\/\/www.narvamuusika.ee\/et\/wp-json\/wp\/v2\/categories?post=3921"},{"taxonomy":"post_tag","embeddable":true,"href":"https:\/\/www.narvamuusika.ee\/et\/wp-json\/wp\/v2\/tags?post=3921"}],"curies":[{"name":"wp","href":"https:\/\/api.w.org\/{rel}","templated":true}]}}