{"id":4090,"date":"2022-10-13T09:17:16","date_gmt":"2022-10-13T06:17:16","guid":{"rendered":"https:\/\/www.narvamuusika.ee\/?p=4090"},"modified":"2022-11-08T13:42:16","modified_gmt":"2022-11-08T10:42:16","slug":"%d0%bf%d0%be%d0%b7%d0%b4%d1%80%d0%b0%d0%b2%d0%bb%d1%8f%d0%b5%d0%bc-16","status":"publish","type":"post","link":"https:\/\/www.narvamuusika.ee\/et\/2022\/10\/13\/%d0%bf%d0%be%d0%b7%d0%b4%d1%80%d0%b0%d0%b2%d0%bb%d1%8f%d0%b5%d0%bc-16\/","title":{"rendered":"\u00d5nnitleme!"},"content":{"rendered":"\n<p>Eile tunnustas Kultuurkapitali helikunsti sihtkapital Eesti parimaid muusika\u00f5petajaid!<\/p>\n\n\n\n<p>Palju \u00f5nne!<img loading=\"lazy\" decoding=\"async\" width=\"16\" src=\"https:\/\/ci5.googleusercontent.com\/proxy\/seJh5ThXnPgfKBqPlD3_07YDbqaaJyaLa2JZrpqzEJy3vJmFMAEs0q_HFOxqU0mtrq86QBfKpsu0mztHVhZkPWqxphlSvzBMGWV1Ea9FRUqebH5lSA=s0-d-e1-ft#https:\/\/static.xx.fbcdn.net\/images\/emoji.php\/v9\/tfe\/1\/16\/1f44f.png\" height=\"16\" alt=\"\ud83d\udc4f\"><\/p>\n\n\n\n<p>Tatjana Gont\u0161arova \u2013 Narva Muusikakooli klaveripedagoog, direktor<br>Aarne \u00d5unapuu \u2013 C.Kreegi nim.Haapsalu Muusikakooli puhkpillide \u00f5petaja<br>Andrus Lillepea \u2013 Lasnam\u00e4e muusikakooli, Georg Otsa nimeline Tallinna Muusikakool ja Eesti Muusika- ja Teatriakadeemia klassikaliste l\u00f6\u00f6kpillide ja r\u00fctmimuusika trummikomplekti \u00f5petaja<br>Valdo R\u00fc\u00fctelmaa \u2013 L\u00e4\u00e4ne-Harju Muusika- ja Kunstide Kooli ja Tabasalu Muusika- ja Kunstikooli puhkpilli\u00f5petaja ja dirigent<br>Margot Suur \u2013 P\u00f5lva Muusikakooli ja R\u00e4pina Muusikakooli laulu\u00f5petaja<br>Jekaterina Rostovtseva \u2013 Tallinna Muusikakeskkooli ja Vanalinna Hariduskolleegiumi muusikakooli klaveri\u00f5petaja<br>Mirja Randvere \u2013 V\u00f5ru Muusikakooli viiuli\u00f5petaja<br>Tiit Kalluste \u2013 Georg Otsa nimelise Tallinna Muusikakooli ja Eesti Muusika- ja Teatriakadeemia akordioni\u00f5petaja<br>Anne Kruup \u2013 N\u00f5mme Muusikakooli klaveri\u00f5petaja<\/p>\n\n\n\n<p>\u00d5petajate tunnustamine toimus Eesti Muusika- ja Teatriakadeemia suures saalis vahetult enne etendust &#8220;M\u00c4NGIME V\u00d5LUFL\u00d6\u00d6TI&#8221;.<\/p>\n\n\n\n<figure class=\"wp-block-image size-large is-resized\"><img loading=\"lazy\" decoding=\"async\" src=\"https:\/\/www.narvamuusika.ee\/wp-content\/uploads\/2022\/10\/IMG_2369-768x1024.jpg\" alt=\"\" class=\"wp-image-4093\" width=\"652\" height=\"869\" srcset=\"https:\/\/www.narvamuusika.ee\/wp-content\/uploads\/2022\/10\/IMG_2369-768x1024.jpg 768w, https:\/\/www.narvamuusika.ee\/wp-content\/uploads\/2022\/10\/IMG_2369-600x800.jpg 600w, https:\/\/www.narvamuusika.ee\/wp-content\/uploads\/2022\/10\/IMG_2369-1152x1536.jpg 1152w, https:\/\/www.narvamuusika.ee\/wp-content\/uploads\/2022\/10\/IMG_2369-225x300.jpg 225w, https:\/\/www.narvamuusika.ee\/wp-content\/uploads\/2022\/10\/IMG_2369.jpg 1296w\" sizes=\"auto, (max-width: 652px) 100vw, 652px\" \/><\/figure>\n\n\n\n<figure class=\"wp-block-image size-large is-resized\"><img loading=\"lazy\" decoding=\"async\" src=\"https:\/\/www.narvamuusika.ee\/wp-content\/uploads\/2022\/10\/311567521_5780912665292392_1386332523828457897_n-1024x683.jpg\" alt=\"\" class=\"wp-image-4111\" width=\"653\" height=\"435\" srcset=\"https:\/\/www.narvamuusika.ee\/wp-content\/uploads\/2022\/10\/311567521_5780912665292392_1386332523828457897_n-1024x683.jpg 1024w, https:\/\/www.narvamuusika.ee\/wp-content\/uploads\/2022\/10\/311567521_5780912665292392_1386332523828457897_n-800x534.jpg 800w, https:\/\/www.narvamuusika.ee\/wp-content\/uploads\/2022\/10\/311567521_5780912665292392_1386332523828457897_n-768x513.jpg 768w, https:\/\/www.narvamuusika.ee\/wp-content\/uploads\/2022\/10\/311567521_5780912665292392_1386332523828457897_n-400x267.jpg 400w, https:\/\/www.narvamuusika.ee\/wp-content\/uploads\/2022\/10\/311567521_5780912665292392_1386332523828457897_n.jpg 1440w\" sizes=\"auto, (max-width: 653px) 100vw, 653px\" \/><\/figure>\n\n\n\n<figure class=\"wp-block-image size-large is-resized\"><img loading=\"lazy\" decoding=\"async\" src=\"https:\/\/www.narvamuusika.ee\/wp-content\/uploads\/2022\/10\/IMG_2370-768x1024.jpg\" alt=\"\" class=\"wp-image-4097\" width=\"656\" height=\"875\" srcset=\"https:\/\/www.narvamuusika.ee\/wp-content\/uploads\/2022\/10\/IMG_2370-768x1024.jpg 768w, https:\/\/www.narvamuusika.ee\/wp-content\/uploads\/2022\/10\/IMG_2370-600x800.jpg 600w, https:\/\/www.narvamuusika.ee\/wp-content\/uploads\/2022\/10\/IMG_2370-1152x1536.jpg 1152w, https:\/\/www.narvamuusika.ee\/wp-content\/uploads\/2022\/10\/IMG_2370-225x300.jpg 225w, https:\/\/www.narvamuusika.ee\/wp-content\/uploads\/2022\/10\/IMG_2370.jpg 1296w\" sizes=\"auto, (max-width: 656px) 100vw, 656px\" \/><\/figure>\n","protected":false},"excerpt":{"rendered":"<p>Eile tunnustas Kultuurkapitali helikunsti sihtkapital Eesti parimaid muusika\u00f5petajaid! Palju \u00f5nne! Tatjana Gont\u0161arova \u2013 Narva Muusikakooli klaveripedagoog, direktorAarne \u00d5unapuu \u2013 C.Kreegi nim.Haapsalu Muusikakooli puhkpillide \u00f5petajaAndrus Lillepea \u2013 Lasnam\u00e4e muusikakooli, Georg Otsa nimeline Tallinna Muusikakool ja Eesti Muusika- ja Teatriakadeemia klassikaliste l\u00f6\u00f6kpillide ja r\u00fctmimuusika trummikomplekti \u00f5petajaValdo R\u00fc\u00fctelmaa \u2013 L\u00e4\u00e4ne-Harju Muusika- ja Kunstide Kooli ja Tabasalu Muusika- ja &hellip; <\/p>\n<p class=\"link-more\"><a href=\"https:\/\/www.narvamuusika.ee\/et\/2022\/10\/13\/%d0%bf%d0%be%d0%b7%d0%b4%d1%80%d0%b0%d0%b2%d0%bb%d1%8f%d0%b5%d0%bc-16\/\" class=\"more-link\">Continue reading<span class=\"screen-reader-text\"> &#8220;\u00d5nnitleme!&#8221;<\/span><\/a><\/p>\n","protected":false},"author":1,"featured_media":4093,"comment_status":"closed","ping_status":"closed","sticky":false,"template":"","format":"standard","meta":{"footnotes":""},"categories":[1],"tags":[],"class_list":["post-4090","post","type-post","status-publish","format-standard","has-post-thumbnail","hentry","category-novosti"],"translation":{"provider":"WPGlobus","version":"3.0.2","language":"et","enabled_languages":["ru","et"],"languages":{"ru":{"title":true,"content":true,"excerpt":false},"et":{"title":true,"content":true,"excerpt":false}}},"_links":{"self":[{"href":"https:\/\/www.narvamuusika.ee\/et\/wp-json\/wp\/v2\/posts\/4090","targetHints":{"allow":["GET"]}}],"collection":[{"href":"https:\/\/www.narvamuusika.ee\/et\/wp-json\/wp\/v2\/posts"}],"about":[{"href":"https:\/\/www.narvamuusika.ee\/et\/wp-json\/wp\/v2\/types\/post"}],"author":[{"embeddable":true,"href":"https:\/\/www.narvamuusika.ee\/et\/wp-json\/wp\/v2\/users\/1"}],"replies":[{"embeddable":true,"href":"https:\/\/www.narvamuusika.ee\/et\/wp-json\/wp\/v2\/comments?post=4090"}],"version-history":[{"count":17,"href":"https:\/\/www.narvamuusika.ee\/et\/wp-json\/wp\/v2\/posts\/4090\/revisions"}],"predecessor-version":[{"id":4119,"href":"https:\/\/www.narvamuusika.ee\/et\/wp-json\/wp\/v2\/posts\/4090\/revisions\/4119"}],"wp:featuredmedia":[{"embeddable":true,"href":"https:\/\/www.narvamuusika.ee\/et\/wp-json\/wp\/v2\/media\/4093"}],"wp:attachment":[{"href":"https:\/\/www.narvamuusika.ee\/et\/wp-json\/wp\/v2\/media?parent=4090"}],"wp:term":[{"taxonomy":"category","embeddable":true,"href":"https:\/\/www.narvamuusika.ee\/et\/wp-json\/wp\/v2\/categories?post=4090"},{"taxonomy":"post_tag","embeddable":true,"href":"https:\/\/www.narvamuusika.ee\/et\/wp-json\/wp\/v2\/tags?post=4090"}],"curies":[{"name":"wp","href":"https:\/\/api.w.org\/{rel}","templated":true}]}}