{"id":4398,"date":"2023-02-06T13:51:19","date_gmt":"2023-02-06T10:51:19","guid":{"rendered":"http:\/\/www.narvamuusika.ee\/?p=4398"},"modified":"2023-02-06T13:52:54","modified_gmt":"2023-02-06T10:52:54","slug":"%d1%82%d0%b2%d0%be%d1%80%d1%87%d0%b5%d1%81%d0%ba%d0%b8%d0%b9-%d0%b2%d0%b5%d1%87%d0%b5%d1%80-%d0%b1%d1%83%d0%b4%d0%b5%d0%bc-%d0%ba%d0%b0%d0%ba-%d1%81%d0%be%d0%bb%d0%bd%d1%86%d0%b5","status":"publish","type":"post","link":"https:\/\/www.narvamuusika.ee\/et\/2023\/02\/06\/%d1%82%d0%b2%d0%be%d1%80%d1%87%d0%b5%d1%81%d0%ba%d0%b8%d0%b9-%d0%b2%d0%b5%d1%87%d0%b5%d1%80-%d0%b1%d1%83%d0%b4%d0%b5%d0%bc-%d0%ba%d0%b0%d0%ba-%d1%81%d0%be%d0%bb%d0%bd%d1%86%d0%b5\/","title":{"rendered":"loominguline \u00f5htu &#8220;Olgem kui p\u00e4ike&#8221; &#8211; Luule raamitud muusikaga."},"content":{"rendered":"\n<p>veebruaril kell 17.00 toimub Kultuurimajas Rugodiv loominguline \u00f5htu &#8220;Olgem kui p\u00e4ike&#8221; &#8211; Luule raamitud muusikaga. Eesti taasiseseisvumisp\u00e4eva eel \u00f5nnitlevad Narva muusikakooli \u00f5pilased koos noorte artistidega narvalasi muusikalise ja poeetilise kontserdiga. Loomingu\u00f5htul liidetakse luuletused \u00fchtseks looks ning m\u00fcstika ja s\u00fcmbolismi ajastusse aitab sukelduda muusika, sealhulgas tolleaegsete eesti heliloojate oma. Kultuur, muusika, eriti luule, \u00fchendavad igal ajal inimeste s\u00fcdameid, s\u00f5ltumata rahvusest, keelest ja ideoloogiast. 2022. aasta detsembris toimus Tallinnas Estonia kontserdisaalis kontsert \u201cOlgem kui p\u00e4ike\u201d &#8211; Narva otsustas vahetusprojektiga j\u00e4tkata ja korraldada sarnase teemaga sarnase \u00f5htu. Kontserdil &#8220;Olgem kui p\u00e4ike&#8221; k\u00f5lavad luuletused eesti h\u00f5beajastu luuletajatelt \u2013 Maria Underilt, Betty Alverilt, Heiti Talvikult, Juhan Viidingult, aga ka Konstantin Balmontilt, Igor Severjaninilt ja teistelt autoritelt. \u00d5pilased Narva teatristuudiost Vaba Lava (juhataja Tiina Rumm), NLLM teatristuudiost \u201c16.komnata\u201d (juhatajad Olga ja Vitali Katuntsev) ning Narva Kesklinna g\u00fcmnaasiumi teatrist (juhataja Tatjana Sonina) laval esineda. Koos noorte artistidega esineb n\u00e4itleja Eduard Tee. Muusikalisele teekonnale viivad publiku puhkpilliorkester, poistekoor ja teised Narva muusikakooli noored muusikud. Pileti hind: 5 \u20ac<\/p>\n\n\n\n<figure class=\"wp-block-image size-large\"><img loading=\"lazy\" decoding=\"async\" width=\"724\" height=\"1024\" src=\"https:\/\/www.narvamuusika.ee\/wp-content\/uploads\/2023\/02\/unnamed-724x1024.jpg\" alt=\"\" class=\"wp-image-4400\" srcset=\"https:\/\/www.narvamuusika.ee\/wp-content\/uploads\/2023\/02\/unnamed-724x1024.jpg 724w, https:\/\/www.narvamuusika.ee\/wp-content\/uploads\/2023\/02\/unnamed-566x800.jpg 566w, https:\/\/www.narvamuusika.ee\/wp-content\/uploads\/2023\/02\/unnamed-768x1086.jpg 768w, https:\/\/www.narvamuusika.ee\/wp-content\/uploads\/2023\/02\/unnamed-1086x1536.jpg 1086w, https:\/\/www.narvamuusika.ee\/wp-content\/uploads\/2023\/02\/unnamed-1448x2048.jpg 1448w, https:\/\/www.narvamuusika.ee\/wp-content\/uploads\/2023\/02\/unnamed-212x300.jpg 212w, https:\/\/www.narvamuusika.ee\/wp-content\/uploads\/2023\/02\/unnamed-scaled.jpg 1810w\" sizes=\"auto, (max-width: 724px) 100vw, 724px\" \/><\/figure>\n","protected":false},"excerpt":{"rendered":"<p>veebruaril kell 17.00 toimub Kultuurimajas Rugodiv loominguline \u00f5htu &#8220;Olgem kui p\u00e4ike&#8221; &#8211; Luule raamitud muusikaga. Eesti taasiseseisvumisp\u00e4eva eel \u00f5nnitlevad Narva muusikakooli \u00f5pilased koos noorte artistidega narvalasi muusikalise ja poeetilise kontserdiga. Loomingu\u00f5htul liidetakse luuletused \u00fchtseks looks ning m\u00fcstika ja s\u00fcmbolismi ajastusse aitab sukelduda muusika, sealhulgas tolleaegsete eesti heliloojate oma. Kultuur, muusika, eriti luule, \u00fchendavad igal ajal &hellip; <\/p>\n<p class=\"link-more\"><a href=\"https:\/\/www.narvamuusika.ee\/et\/2023\/02\/06\/%d1%82%d0%b2%d0%be%d1%80%d1%87%d0%b5%d1%81%d0%ba%d0%b8%d0%b9-%d0%b2%d0%b5%d1%87%d0%b5%d1%80-%d0%b1%d1%83%d0%b4%d0%b5%d0%bc-%d0%ba%d0%b0%d0%ba-%d1%81%d0%be%d0%bb%d0%bd%d1%86%d0%b5\/\" class=\"more-link\">Continue reading<span class=\"screen-reader-text\"> &#8220;loominguline \u00f5htu &#8220;Olgem kui p\u00e4ike&#8221; &#8211; Luule raamitud muusikaga.&#8221;<\/span><\/a><\/p>\n","protected":false},"author":1,"featured_media":4400,"comment_status":"closed","ping_status":"closed","sticky":false,"template":"","format":"standard","meta":{"footnotes":""},"categories":[1],"tags":[],"class_list":["post-4398","post","type-post","status-publish","format-standard","has-post-thumbnail","hentry","category-novosti"],"translation":{"provider":"WPGlobus","version":"3.0.2","language":"et","enabled_languages":["ru","et"],"languages":{"ru":{"title":true,"content":true,"excerpt":false},"et":{"title":true,"content":true,"excerpt":false}}},"_links":{"self":[{"href":"https:\/\/www.narvamuusika.ee\/et\/wp-json\/wp\/v2\/posts\/4398","targetHints":{"allow":["GET"]}}],"collection":[{"href":"https:\/\/www.narvamuusika.ee\/et\/wp-json\/wp\/v2\/posts"}],"about":[{"href":"https:\/\/www.narvamuusika.ee\/et\/wp-json\/wp\/v2\/types\/post"}],"author":[{"embeddable":true,"href":"https:\/\/www.narvamuusika.ee\/et\/wp-json\/wp\/v2\/users\/1"}],"replies":[{"embeddable":true,"href":"https:\/\/www.narvamuusika.ee\/et\/wp-json\/wp\/v2\/comments?post=4398"}],"version-history":[{"count":3,"href":"https:\/\/www.narvamuusika.ee\/et\/wp-json\/wp\/v2\/posts\/4398\/revisions"}],"predecessor-version":[{"id":4402,"href":"https:\/\/www.narvamuusika.ee\/et\/wp-json\/wp\/v2\/posts\/4398\/revisions\/4402"}],"wp:featuredmedia":[{"embeddable":true,"href":"https:\/\/www.narvamuusika.ee\/et\/wp-json\/wp\/v2\/media\/4400"}],"wp:attachment":[{"href":"https:\/\/www.narvamuusika.ee\/et\/wp-json\/wp\/v2\/media?parent=4398"}],"wp:term":[{"taxonomy":"category","embeddable":true,"href":"https:\/\/www.narvamuusika.ee\/et\/wp-json\/wp\/v2\/categories?post=4398"},{"taxonomy":"post_tag","embeddable":true,"href":"https:\/\/www.narvamuusika.ee\/et\/wp-json\/wp\/v2\/tags?post=4398"}],"curies":[{"name":"wp","href":"https:\/\/api.w.org\/{rel}","templated":true}]}}