{"id":4932,"date":"2023-11-18T11:31:59","date_gmt":"2023-11-18T08:31:59","guid":{"rendered":"https:\/\/www.narvamuusika.ee\/?p=4932"},"modified":"2023-12-05T12:17:08","modified_gmt":"2023-12-05T09:17:08","slug":"tahelend-2023","status":"publish","type":"post","link":"https:\/\/www.narvamuusika.ee\/et\/2023\/11\/18\/tahelend-2023\/","title":{"rendered":"T\u00e4helend 2023"},"content":{"rendered":"\n<p>16.11.2023 toimus Tallinna Muusika- ja Baletikoolis Haridus- ja Teadusministri Kristina Kallas pidulik tunnustuss\u00fcndmus \u201eT\u00e4helend 2023&#8243;. S\u00fcndmusel olid tunnustatud rahvusvahelistel v\u00f5istlustel (v\u00e4hemalt 7 osav\u00f5tjariigiga) Eestit esindanud ja auhinnalisi tulemusi saavutanud noori ning nende juhendajaid. Sellel \u00fcritusel osalenud meie kooli esindajad Ustinia Orlova ja tema \u00f5petaja Tatjana Gont\u0161arova. T\u00e4nukirjad on \u00fcle antud Vabariigi Presidendi abikaasa Sirje Karis ja Haridus- ja teadusministeeriumi kantsleri Kristi Vinter-Nemvalts. \u00d5nnitleme!!!<\/p>\n\n\n\n<figure class=\"wp-block-image size-large\"><img loading=\"lazy\" decoding=\"async\" width=\"768\" height=\"1024\" src=\"https:\/\/www.narvamuusika.ee\/wp-content\/uploads\/2023\/11\/IMG-ba45eb502674277dbe9c5f302066ee80-V-768x1024.jpg\" alt=\"\" class=\"wp-image-4934\" srcset=\"https:\/\/www.narvamuusika.ee\/wp-content\/uploads\/2023\/11\/IMG-ba45eb502674277dbe9c5f302066ee80-V-768x1024.jpg 768w, https:\/\/www.narvamuusika.ee\/wp-content\/uploads\/2023\/11\/IMG-ba45eb502674277dbe9c5f302066ee80-V-600x800.jpg 600w, https:\/\/www.narvamuusika.ee\/wp-content\/uploads\/2023\/11\/IMG-ba45eb502674277dbe9c5f302066ee80-V-1152x1536.jpg 1152w, https:\/\/www.narvamuusika.ee\/wp-content\/uploads\/2023\/11\/IMG-ba45eb502674277dbe9c5f302066ee80-V-225x300.jpg 225w, https:\/\/www.narvamuusika.ee\/wp-content\/uploads\/2023\/11\/IMG-ba45eb502674277dbe9c5f302066ee80-V.jpg 1200w\" sizes=\"auto, (max-width: 767px) 89vw, (max-width: 1000px) 54vw, (max-width: 1071px) 543px, 580px\" \/><\/figure>\n","protected":false},"excerpt":{"rendered":"<p>16.11.2023 toimus Tallinna Muusika- ja Baletikoolis Haridus- ja Teadusministri Kristina Kallas pidulik tunnustuss\u00fcndmus \u201eT\u00e4helend 2023&#8243;. S\u00fcndmusel olid tunnustatud rahvusvahelistel v\u00f5istlustel (v\u00e4hemalt 7 osav\u00f5tjariigiga) Eestit esindanud ja auhinnalisi tulemusi saavutanud noori ning nende juhendajaid. Sellel \u00fcritusel osalenud meie kooli esindajad Ustinia Orlova ja tema \u00f5petaja Tatjana Gont\u0161arova. T\u00e4nukirjad on \u00fcle antud Vabariigi Presidendi abikaasa Sirje Karis &hellip; <\/p>\n<p class=\"link-more\"><a href=\"https:\/\/www.narvamuusika.ee\/et\/2023\/11\/18\/tahelend-2023\/\" class=\"more-link\">Continue reading<span class=\"screen-reader-text\"> &#8220;T\u00e4helend 2023&#8221;<\/span><\/a><\/p>\n","protected":false},"author":1,"featured_media":4934,"comment_status":"closed","ping_status":"closed","sticky":false,"template":"","format":"standard","meta":{"footnotes":""},"categories":[1],"tags":[],"class_list":["post-4932","post","type-post","status-publish","format-standard","has-post-thumbnail","hentry","category-novosti"],"translation":{"provider":"WPGlobus","version":"3.0.2","language":"et","enabled_languages":["ru","et"],"languages":{"ru":{"title":true,"content":true,"excerpt":false},"et":{"title":false,"content":false,"excerpt":false}}},"_links":{"self":[{"href":"https:\/\/www.narvamuusika.ee\/et\/wp-json\/wp\/v2\/posts\/4932","targetHints":{"allow":["GET"]}}],"collection":[{"href":"https:\/\/www.narvamuusika.ee\/et\/wp-json\/wp\/v2\/posts"}],"about":[{"href":"https:\/\/www.narvamuusika.ee\/et\/wp-json\/wp\/v2\/types\/post"}],"author":[{"embeddable":true,"href":"https:\/\/www.narvamuusika.ee\/et\/wp-json\/wp\/v2\/users\/1"}],"replies":[{"embeddable":true,"href":"https:\/\/www.narvamuusika.ee\/et\/wp-json\/wp\/v2\/comments?post=4932"}],"version-history":[{"count":2,"href":"https:\/\/www.narvamuusika.ee\/et\/wp-json\/wp\/v2\/posts\/4932\/revisions"}],"predecessor-version":[{"id":4935,"href":"https:\/\/www.narvamuusika.ee\/et\/wp-json\/wp\/v2\/posts\/4932\/revisions\/4935"}],"wp:featuredmedia":[{"embeddable":true,"href":"https:\/\/www.narvamuusika.ee\/et\/wp-json\/wp\/v2\/media\/4934"}],"wp:attachment":[{"href":"https:\/\/www.narvamuusika.ee\/et\/wp-json\/wp\/v2\/media?parent=4932"}],"wp:term":[{"taxonomy":"category","embeddable":true,"href":"https:\/\/www.narvamuusika.ee\/et\/wp-json\/wp\/v2\/categories?post=4932"},{"taxonomy":"post_tag","embeddable":true,"href":"https:\/\/www.narvamuusika.ee\/et\/wp-json\/wp\/v2\/tags?post=4932"}],"curies":[{"name":"wp","href":"https:\/\/api.w.org\/{rel}","templated":true}]}}