{"id":4967,"date":"2023-11-30T14:32:25","date_gmt":"2023-11-30T11:32:25","guid":{"rendered":"https:\/\/www.narvamuusika.ee\/?p=4967"},"modified":"2023-11-30T14:34:18","modified_gmt":"2023-11-30T11:34:18","slug":"%d0%bf%d0%be%d0%b4%d0%b3%d0%be%d1%82%d0%be%d0%b2%d0%ba%d0%b0-%d0%ba-%d1%83%d1%87%d0%b0%d1%81%d1%82%d0%b8%d1%8e-%d0%b2-%d0%bf%d1%80%d0%be%d0%b5%d0%ba%d1%82%d0%b5","status":"publish","type":"post","link":"https:\/\/www.narvamuusika.ee\/et\/2023\/11\/30\/%d0%bf%d0%be%d0%b4%d0%b3%d0%be%d1%82%d0%be%d0%b2%d0%ba%d0%b0-%d0%ba-%d1%83%d1%87%d0%b0%d1%81%d1%82%d0%b8%d1%8e-%d0%b2-%d0%bf%d1%80%d0%be%d0%b5%d0%ba%d1%82%d0%b5\/","title":{"rendered":"Ettevalmistus projektis osalemiseks"},"content":{"rendered":"\n<p>Kooli koorid on alustanud ettevalmistusi j\u00e4rgmisel aastal toimuvas projektis ViruLaul2024 osalemiseks, mis on ajastatud Eesti taasiseseisvumisp\u00e4eva t\u00e4histamisele. <\/p>\n\n\n\n<p>Osalevad Narva Muusikakooli poistekoor ja Noortekoor \u201cVaimustus\u201d (juh. Svetlana Gorju\u0161ina, kontsertmeister Pavel Zubov). <\/p>\n\n\n\n<p>Proov toimus koos kuulsa koorijuhi Hirvo Surva ja Narva Koorikooli l\u00f5petanud, praeguse Eesti Muusika- ja Teatriakadeemia tudengi Kirill Gorjusiniga. Soovime osalejatele loomingulist inspiratsiooni!<\/p>\n\n\n\n<figure class=\"wp-block-image size-large\"><img loading=\"lazy\" decoding=\"async\" width=\"1024\" height=\"472\" src=\"https:\/\/www.narvamuusika.ee\/wp-content\/uploads\/2023\/11\/inline-1024x472.jpg\" alt=\"\" class=\"wp-image-4970\" srcset=\"https:\/\/www.narvamuusika.ee\/wp-content\/uploads\/2023\/11\/inline-1024x472.jpg 1024w, https:\/\/www.narvamuusika.ee\/wp-content\/uploads\/2023\/11\/inline-800x369.jpg 800w, https:\/\/www.narvamuusika.ee\/wp-content\/uploads\/2023\/11\/inline-768x354.jpg 768w, https:\/\/www.narvamuusika.ee\/wp-content\/uploads\/2023\/11\/inline-400x185.jpg 400w, https:\/\/www.narvamuusika.ee\/wp-content\/uploads\/2023\/11\/inline.jpg 1500w\" sizes=\"auto, (max-width: 767px) 89vw, (max-width: 1000px) 54vw, (max-width: 1071px) 543px, 580px\" \/><\/figure>\n","protected":false},"excerpt":{"rendered":"<p>Kooli koorid on alustanud ettevalmistusi j\u00e4rgmisel aastal toimuvas projektis ViruLaul2024 osalemiseks, mis on ajastatud Eesti taasiseseisvumisp\u00e4eva t\u00e4histamisele. Osalevad Narva Muusikakooli poistekoor ja Noortekoor \u201cVaimustus\u201d (juh. Svetlana Gorju\u0161ina, kontsertmeister Pavel Zubov). Proov toimus koos kuulsa koorijuhi Hirvo Surva ja Narva Koorikooli l\u00f5petanud, praeguse Eesti Muusika- ja Teatriakadeemia tudengi Kirill Gorjusiniga. Soovime osalejatele loomingulist inspiratsiooni!<\/p>\n","protected":false},"author":1,"featured_media":4970,"comment_status":"closed","ping_status":"closed","sticky":false,"template":"","format":"standard","meta":{"footnotes":""},"categories":[1],"tags":[],"class_list":["post-4967","post","type-post","status-publish","format-standard","has-post-thumbnail","hentry","category-novosti"],"translation":{"provider":"WPGlobus","version":"3.0.2","language":"et","enabled_languages":["ru","et"],"languages":{"ru":{"title":true,"content":true,"excerpt":false},"et":{"title":true,"content":true,"excerpt":false}}},"_links":{"self":[{"href":"https:\/\/www.narvamuusika.ee\/et\/wp-json\/wp\/v2\/posts\/4967","targetHints":{"allow":["GET"]}}],"collection":[{"href":"https:\/\/www.narvamuusika.ee\/et\/wp-json\/wp\/v2\/posts"}],"about":[{"href":"https:\/\/www.narvamuusika.ee\/et\/wp-json\/wp\/v2\/types\/post"}],"author":[{"embeddable":true,"href":"https:\/\/www.narvamuusika.ee\/et\/wp-json\/wp\/v2\/users\/1"}],"replies":[{"embeddable":true,"href":"https:\/\/www.narvamuusika.ee\/et\/wp-json\/wp\/v2\/comments?post=4967"}],"version-history":[{"count":4,"href":"https:\/\/www.narvamuusika.ee\/et\/wp-json\/wp\/v2\/posts\/4967\/revisions"}],"predecessor-version":[{"id":4972,"href":"https:\/\/www.narvamuusika.ee\/et\/wp-json\/wp\/v2\/posts\/4967\/revisions\/4972"}],"wp:featuredmedia":[{"embeddable":true,"href":"https:\/\/www.narvamuusika.ee\/et\/wp-json\/wp\/v2\/media\/4970"}],"wp:attachment":[{"href":"https:\/\/www.narvamuusika.ee\/et\/wp-json\/wp\/v2\/media?parent=4967"}],"wp:term":[{"taxonomy":"category","embeddable":true,"href":"https:\/\/www.narvamuusika.ee\/et\/wp-json\/wp\/v2\/categories?post=4967"},{"taxonomy":"post_tag","embeddable":true,"href":"https:\/\/www.narvamuusika.ee\/et\/wp-json\/wp\/v2\/tags?post=4967"}],"curies":[{"name":"wp","href":"https:\/\/api.w.org\/{rel}","templated":true}]}}