{"id":5017,"date":"2023-12-13T16:07:48","date_gmt":"2023-12-13T13:07:48","guid":{"rendered":"https:\/\/www.narvamuusika.ee\/?p=5017"},"modified":"2023-12-13T16:09:18","modified_gmt":"2023-12-13T13:09:18","slug":"%d1%80%d0%be%d0%b6%d0%b4%d0%b5%d1%81%d1%82%d0%b2%d0%b5%d0%bd%d1%81%d0%ba%d0%b8%d0%b9-%d0%ba%d0%be%d0%bd%d1%86%d0%b5%d1%80%d1%82-%d0%bc%d0%bb%d0%b0%d0%b4%d1%88%d0%b8%d1%85-%d1%85%d0%be%d1%80%d0%be","status":"publish","type":"post","link":"https:\/\/www.narvamuusika.ee\/et\/2023\/12\/13\/%d1%80%d0%be%d0%b6%d0%b4%d0%b5%d1%81%d1%82%d0%b2%d0%b5%d0%bd%d1%81%d0%ba%d0%b8%d0%b9-%d0%ba%d0%be%d0%bd%d1%86%d0%b5%d1%80%d1%82-%d0%bc%d0%bb%d0%b0%d0%b4%d1%88%d0%b8%d1%85-%d1%85%d0%be%d1%80%d0%be\/","title":{"rendered":"Nooremkooride j\u00f5ulukontsert"},"content":{"rendered":"\n<p>12. detsembril astusid pidulikul kontserdil \u00fcles noored lauljad ja koorid! Nende artistlikkus ja lapselik spontaansus ajasid k\u00f5ik naeratama, kuulajad ei suutnud imetlust varjata, jagades noortele muusikutele aplausi.<\/p>\n\n\n\n<p> Mis oleks ilma J\u00f5uluvanata peol! Ta tuli kontserdile kingitustega, muutes \u00f5htu veelgi meeldej\u00e4\u00e4vamaks.<\/p>\n\n\n\n<p> T\u00e4name Inna Fefilovat ja Svetlana Gorju\u0161inat, Galina Voronovat, Nade\u017eda Kuznetsovat, Pavel Zubovit ja meie noori muusikuid kontserdi eest!<\/p>\n\n\n\n<figure class=\"wp-block-image size-large\"><img loading=\"lazy\" decoding=\"async\" width=\"768\" height=\"1024\" src=\"https:\/\/www.narvamuusika.ee\/wp-content\/uploads\/2023\/12\/GridArt_20231213_135551103-768x1024.jpg\" alt=\"\" class=\"wp-image-5019\" srcset=\"https:\/\/www.narvamuusika.ee\/wp-content\/uploads\/2023\/12\/GridArt_20231213_135551103-768x1024.jpg 768w, https:\/\/www.narvamuusika.ee\/wp-content\/uploads\/2023\/12\/GridArt_20231213_135551103-600x800.jpg 600w, https:\/\/www.narvamuusika.ee\/wp-content\/uploads\/2023\/12\/GridArt_20231213_135551103-1152x1536.jpg 1152w, https:\/\/www.narvamuusika.ee\/wp-content\/uploads\/2023\/12\/GridArt_20231213_135551103-225x300.jpg 225w, https:\/\/www.narvamuusika.ee\/wp-content\/uploads\/2023\/12\/GridArt_20231213_135551103.jpg 1200w\" sizes=\"auto, (max-width: 767px) 89vw, (max-width: 1000px) 54vw, (max-width: 1071px) 543px, 580px\" \/><\/figure>\n","protected":false},"excerpt":{"rendered":"<p>12. detsembril astusid pidulikul kontserdil \u00fcles noored lauljad ja koorid! Nende artistlikkus ja lapselik spontaansus ajasid k\u00f5ik naeratama, kuulajad ei suutnud imetlust varjata, jagades noortele muusikutele aplausi. Mis oleks ilma J\u00f5uluvanata peol! Ta tuli kontserdile kingitustega, muutes \u00f5htu veelgi meeldej\u00e4\u00e4vamaks. T\u00e4name Inna Fefilovat ja Svetlana Gorju\u0161inat, Galina Voronovat, Nade\u017eda Kuznetsovat, Pavel Zubovit ja meie noori &hellip; <\/p>\n<p class=\"link-more\"><a href=\"https:\/\/www.narvamuusika.ee\/et\/2023\/12\/13\/%d1%80%d0%be%d0%b6%d0%b4%d0%b5%d1%81%d1%82%d0%b2%d0%b5%d0%bd%d1%81%d0%ba%d0%b8%d0%b9-%d0%ba%d0%be%d0%bd%d1%86%d0%b5%d1%80%d1%82-%d0%bc%d0%bb%d0%b0%d0%b4%d1%88%d0%b8%d1%85-%d1%85%d0%be%d1%80%d0%be\/\" class=\"more-link\">Continue reading<span class=\"screen-reader-text\"> &#8220;Nooremkooride j\u00f5ulukontsert&#8221;<\/span><\/a><\/p>\n","protected":false},"author":1,"featured_media":5019,"comment_status":"closed","ping_status":"closed","sticky":false,"template":"","format":"standard","meta":{"footnotes":""},"categories":[1],"tags":[],"class_list":["post-5017","post","type-post","status-publish","format-standard","has-post-thumbnail","hentry","category-novosti"],"translation":{"provider":"WPGlobus","version":"3.0.2","language":"et","enabled_languages":["ru","et"],"languages":{"ru":{"title":true,"content":true,"excerpt":false},"et":{"title":true,"content":true,"excerpt":false}}},"_links":{"self":[{"href":"https:\/\/www.narvamuusika.ee\/et\/wp-json\/wp\/v2\/posts\/5017","targetHints":{"allow":["GET"]}}],"collection":[{"href":"https:\/\/www.narvamuusika.ee\/et\/wp-json\/wp\/v2\/posts"}],"about":[{"href":"https:\/\/www.narvamuusika.ee\/et\/wp-json\/wp\/v2\/types\/post"}],"author":[{"embeddable":true,"href":"https:\/\/www.narvamuusika.ee\/et\/wp-json\/wp\/v2\/users\/1"}],"replies":[{"embeddable":true,"href":"https:\/\/www.narvamuusika.ee\/et\/wp-json\/wp\/v2\/comments?post=5017"}],"version-history":[{"count":4,"href":"https:\/\/www.narvamuusika.ee\/et\/wp-json\/wp\/v2\/posts\/5017\/revisions"}],"predecessor-version":[{"id":5022,"href":"https:\/\/www.narvamuusika.ee\/et\/wp-json\/wp\/v2\/posts\/5017\/revisions\/5022"}],"wp:featuredmedia":[{"embeddable":true,"href":"https:\/\/www.narvamuusika.ee\/et\/wp-json\/wp\/v2\/media\/5019"}],"wp:attachment":[{"href":"https:\/\/www.narvamuusika.ee\/et\/wp-json\/wp\/v2\/media?parent=5017"}],"wp:term":[{"taxonomy":"category","embeddable":true,"href":"https:\/\/www.narvamuusika.ee\/et\/wp-json\/wp\/v2\/categories?post=5017"},{"taxonomy":"post_tag","embeddable":true,"href":"https:\/\/www.narvamuusika.ee\/et\/wp-json\/wp\/v2\/tags?post=5017"}],"curies":[{"name":"wp","href":"https:\/\/api.w.org\/{rel}","templated":true}]}}