{"id":5203,"date":"2024-04-07T12:57:45","date_gmt":"2024-04-07T09:57:45","guid":{"rendered":"https:\/\/www.narvamuusika.ee\/?p=5203"},"modified":"2024-04-07T12:59:49","modified_gmt":"2024-04-07T09:59:49","slug":"%d1%80%d0%be%d0%bc%d0%b0%d0%bd%d1%81-%d1%80%d0%be%d0%bc%d0%b0%d0%bd%d1%81","status":"publish","type":"post","link":"https:\/\/www.narvamuusika.ee\/et\/2024\/04\/07\/%d1%80%d0%be%d0%bc%d0%b0%d0%bd%d1%81-%d1%80%d0%be%d0%bc%d0%b0%d0%bd%d1%81\/","title":{"rendered":"\u201cRomanss, romanss\u201d"},"content":{"rendered":"\n<p>Akordioniansambel &#8220;\u00dcllatus&#8221; on taas laval. Seekord esinesid kontserdil \u201cRomanss, romanss\u201d \u00f5petajate Galina Voronova ja Viktor Tarasovi \u00f5pilased. \u00dcritus toimus Rahvaste maja saalis 30. m\u00e4rtsil. Publik v\u00f5ttis noori muusikuid vastu aplausiga ning laulis kuulsat meloodiat \u201cLa Paloma\u201d. Suurep\u00e4rane etteaste, ait\u00e4h ansambliliikmetele ja \u00f5petajatele!<\/p>\n\n\n\n<figure class=\"wp-block-image size-large\"><img loading=\"lazy\" decoding=\"async\" width=\"1024\" height=\"674\" src=\"https:\/\/www.narvamuusika.ee\/wp-content\/uploads\/2024\/04\/PXL_20240330_1519514063-1024x674.jpg\" alt=\"\" class=\"wp-image-5206\" srcset=\"https:\/\/www.narvamuusika.ee\/wp-content\/uploads\/2024\/04\/PXL_20240330_1519514063-1024x674.jpg 1024w, https:\/\/www.narvamuusika.ee\/wp-content\/uploads\/2024\/04\/PXL_20240330_1519514063-800x526.jpg 800w, https:\/\/www.narvamuusika.ee\/wp-content\/uploads\/2024\/04\/PXL_20240330_1519514063-768x505.jpg 768w, https:\/\/www.narvamuusika.ee\/wp-content\/uploads\/2024\/04\/PXL_20240330_1519514063-1536x1010.jpg 1536w, https:\/\/www.narvamuusika.ee\/wp-content\/uploads\/2024\/04\/PXL_20240330_1519514063-2048x1347.jpg 2048w, https:\/\/www.narvamuusika.ee\/wp-content\/uploads\/2024\/04\/PXL_20240330_1519514063-400x263.jpg 400w\" sizes=\"auto, (max-width: 767px) 89vw, (max-width: 1000px) 54vw, (max-width: 1071px) 543px, 580px\" \/><\/figure>\n","protected":false},"excerpt":{"rendered":"<p>Akordioniansambel &#8220;\u00dcllatus&#8221; on taas laval. Seekord esinesid kontserdil \u201cRomanss, romanss\u201d \u00f5petajate Galina Voronova ja Viktor Tarasovi \u00f5pilased. \u00dcritus toimus Rahvaste maja saalis 30. m\u00e4rtsil. Publik v\u00f5ttis noori muusikuid vastu aplausiga ning laulis kuulsat meloodiat \u201cLa Paloma\u201d. Suurep\u00e4rane etteaste, ait\u00e4h ansambliliikmetele ja \u00f5petajatele!<\/p>\n","protected":false},"author":1,"featured_media":5206,"comment_status":"closed","ping_status":"closed","sticky":false,"template":"","format":"standard","meta":{"footnotes":""},"categories":[1],"tags":[],"class_list":["post-5203","post","type-post","status-publish","format-standard","has-post-thumbnail","hentry","category-novosti"],"translation":{"provider":"WPGlobus","version":"3.0.2","language":"et","enabled_languages":["ru","et"],"languages":{"ru":{"title":true,"content":true,"excerpt":false},"et":{"title":true,"content":true,"excerpt":false}}},"_links":{"self":[{"href":"https:\/\/www.narvamuusika.ee\/et\/wp-json\/wp\/v2\/posts\/5203","targetHints":{"allow":["GET"]}}],"collection":[{"href":"https:\/\/www.narvamuusika.ee\/et\/wp-json\/wp\/v2\/posts"}],"about":[{"href":"https:\/\/www.narvamuusika.ee\/et\/wp-json\/wp\/v2\/types\/post"}],"author":[{"embeddable":true,"href":"https:\/\/www.narvamuusika.ee\/et\/wp-json\/wp\/v2\/users\/1"}],"replies":[{"embeddable":true,"href":"https:\/\/www.narvamuusika.ee\/et\/wp-json\/wp\/v2\/comments?post=5203"}],"version-history":[{"count":4,"href":"https:\/\/www.narvamuusika.ee\/et\/wp-json\/wp\/v2\/posts\/5203\/revisions"}],"predecessor-version":[{"id":5208,"href":"https:\/\/www.narvamuusika.ee\/et\/wp-json\/wp\/v2\/posts\/5203\/revisions\/5208"}],"wp:featuredmedia":[{"embeddable":true,"href":"https:\/\/www.narvamuusika.ee\/et\/wp-json\/wp\/v2\/media\/5206"}],"wp:attachment":[{"href":"https:\/\/www.narvamuusika.ee\/et\/wp-json\/wp\/v2\/media?parent=5203"}],"wp:term":[{"taxonomy":"category","embeddable":true,"href":"https:\/\/www.narvamuusika.ee\/et\/wp-json\/wp\/v2\/categories?post=5203"},{"taxonomy":"post_tag","embeddable":true,"href":"https:\/\/www.narvamuusika.ee\/et\/wp-json\/wp\/v2\/tags?post=5203"}],"curies":[{"name":"wp","href":"https:\/\/api.w.org\/{rel}","templated":true}]}}