{"id":5313,"date":"2024-05-19T23:06:40","date_gmt":"2024-05-19T20:06:40","guid":{"rendered":"https:\/\/www.narvamuusika.ee\/?p=5313"},"modified":"2024-05-19T23:08:12","modified_gmt":"2024-05-19T20:08:12","slug":"%d1%85%d0%be%d1%80%d0%be%d0%b2%d0%be%d0%b9-%d0%ba%d0%be%d0%bd%d1%86%d0%b5%d1%80%d1%82","status":"publish","type":"post","link":"https:\/\/www.narvamuusika.ee\/et\/2024\/05\/19\/%d1%85%d0%be%d1%80%d0%be%d0%b2%d0%be%d0%b9-%d0%ba%d0%be%d0%bd%d1%86%d0%b5%d1%80%d1%82\/","title":{"rendered":"Koorikontsert"},"content":{"rendered":"\n<p>Narva poistekoori ja noortekoori &#8220;Vaimustus&#8221; v\u00f5rratud h\u00e4\u00e4led k\u00f6idavad taas kuulajaid oma ande ja oskusega! \u00d5ppeaasta t\u00f6\u00f6 tulemusi kajastaval kontserdil esinesid koorid, laulsid solistid ja ansamblid. Iga\u00fcks pani etendusse killukese oma hingest. \u00d5ppeaasta suurep\u00e4rased tulemused, imeline pidu, tublid lauljad! Ait\u00e4h publikule sooja vastuv\u00f5tu ja aplausi eest! Kontserdi valmistasid ette kooridirigent Svetlana Gorju\u0161ina ning kontsertmeister Pavel Zubov.<\/p>\n\n\n\n<figure class=\"wp-block-image size-large\"><img loading=\"lazy\" decoding=\"async\" width=\"1024\" height=\"576\" src=\"https:\/\/www.narvamuusika.ee\/wp-content\/uploads\/2024\/05\/1000028468-1024x576.jpg\" alt=\"\" class=\"wp-image-5316\" srcset=\"https:\/\/www.narvamuusika.ee\/wp-content\/uploads\/2024\/05\/1000028468-1024x576.jpg 1024w, https:\/\/www.narvamuusika.ee\/wp-content\/uploads\/2024\/05\/1000028468-800x450.jpg 800w, https:\/\/www.narvamuusika.ee\/wp-content\/uploads\/2024\/05\/1000028468-768x432.jpg 768w, https:\/\/www.narvamuusika.ee\/wp-content\/uploads\/2024\/05\/1000028468-1536x864.jpg 1536w, https:\/\/www.narvamuusika.ee\/wp-content\/uploads\/2024\/05\/1000028468-400x225.jpg 400w, https:\/\/www.narvamuusika.ee\/wp-content\/uploads\/2024\/05\/1000028468.jpg 1800w\" sizes=\"auto, (max-width: 767px) 89vw, (max-width: 1000px) 54vw, (max-width: 1071px) 543px, 580px\" \/><\/figure>\n","protected":false},"excerpt":{"rendered":"<p>Narva poistekoori ja noortekoori &#8220;Vaimustus&#8221; v\u00f5rratud h\u00e4\u00e4led k\u00f6idavad taas kuulajaid oma ande ja oskusega! \u00d5ppeaasta t\u00f6\u00f6 tulemusi kajastaval kontserdil esinesid koorid, laulsid solistid ja ansamblid. Iga\u00fcks pani etendusse killukese oma hingest. \u00d5ppeaasta suurep\u00e4rased tulemused, imeline pidu, tublid lauljad! Ait\u00e4h publikule sooja vastuv\u00f5tu ja aplausi eest! Kontserdi valmistasid ette kooridirigent Svetlana Gorju\u0161ina ning kontsertmeister Pavel Zubov.<\/p>\n","protected":false},"author":1,"featured_media":5316,"comment_status":"closed","ping_status":"closed","sticky":false,"template":"","format":"standard","meta":{"footnotes":""},"categories":[1],"tags":[],"class_list":["post-5313","post","type-post","status-publish","format-standard","has-post-thumbnail","hentry","category-novosti"],"translation":{"provider":"WPGlobus","version":"3.0.2","language":"et","enabled_languages":["ru","et"],"languages":{"ru":{"title":true,"content":true,"excerpt":false},"et":{"title":true,"content":true,"excerpt":false}}},"_links":{"self":[{"href":"https:\/\/www.narvamuusika.ee\/et\/wp-json\/wp\/v2\/posts\/5313","targetHints":{"allow":["GET"]}}],"collection":[{"href":"https:\/\/www.narvamuusika.ee\/et\/wp-json\/wp\/v2\/posts"}],"about":[{"href":"https:\/\/www.narvamuusika.ee\/et\/wp-json\/wp\/v2\/types\/post"}],"author":[{"embeddable":true,"href":"https:\/\/www.narvamuusika.ee\/et\/wp-json\/wp\/v2\/users\/1"}],"replies":[{"embeddable":true,"href":"https:\/\/www.narvamuusika.ee\/et\/wp-json\/wp\/v2\/comments?post=5313"}],"version-history":[{"count":4,"href":"https:\/\/www.narvamuusika.ee\/et\/wp-json\/wp\/v2\/posts\/5313\/revisions"}],"predecessor-version":[{"id":5318,"href":"https:\/\/www.narvamuusika.ee\/et\/wp-json\/wp\/v2\/posts\/5313\/revisions\/5318"}],"wp:featuredmedia":[{"embeddable":true,"href":"https:\/\/www.narvamuusika.ee\/et\/wp-json\/wp\/v2\/media\/5316"}],"wp:attachment":[{"href":"https:\/\/www.narvamuusika.ee\/et\/wp-json\/wp\/v2\/media?parent=5313"}],"wp:term":[{"taxonomy":"category","embeddable":true,"href":"https:\/\/www.narvamuusika.ee\/et\/wp-json\/wp\/v2\/categories?post=5313"},{"taxonomy":"post_tag","embeddable":true,"href":"https:\/\/www.narvamuusika.ee\/et\/wp-json\/wp\/v2\/tags?post=5313"}],"curies":[{"name":"wp","href":"https:\/\/api.w.org\/{rel}","templated":true}]}}