{"id":5607,"date":"2025-01-06T11:29:38","date_gmt":"2025-01-06T08:29:38","guid":{"rendered":"https:\/\/www.narvamuusika.ee\/?p=5607"},"modified":"2025-01-06T11:30:32","modified_gmt":"2025-01-06T08:30:32","slug":"kontsert-hooldekodus","status":"publish","type":"post","link":"https:\/\/www.narvamuusika.ee\/et\/2025\/01\/06\/kontsert-hooldekodus\/","title":{"rendered":"Kontsert hooldekodus"},"content":{"rendered":"<p>12.detsembril andis akordionistide ansambel \u201e\u00dcllatus\u201c kontserdi Narva hooldekodus, p\u00fchendades selle l\u00e4henevale J\u00f5ulup\u00fchale. Artistid esitasid mitmekesist repertuaari, luues piduliku \u00f5hkkonna. Publik toetas esinejaid aktiivselt, aplodeerides muusikutele suure r\u00f5\u00f5muga. Kontsert l\u00f5ppes s\u00f5braliku vestluse ja uueks aastaks \u00f5nne soovimisega, j\u00e4ttes k\u00f5igile osalejatele sooja \u00f5htu meeldivad m\u00e4lestused. Kollektiivi juht on Viktor Tarassov, kontsertmeister Galina Voronova.<\/p>\n<p>\u041a\u043e\u043d\u0446\u0435\u0440\u0442 \u0432 \u0434\u043e\u043c\u0435 \u043f\u043e\u043f\u0435\u0447\u0435\u043d\u0438\u044f<\/p>\n<p>12 \u0434\u0435\u043a\u0430\u0431\u0440\u044f \u0430\u043d\u0441\u0430\u043c\u0431\u043b\u044c \u0430\u043a\u043a\u043e\u0440\u0434\u0435\u043e\u043d\u0438\u0441\u0442\u043e\u0432 \u00ab\u0421\u044e\u0440\u043f\u0440\u0438\u0437\u00bb \u043f\u0440\u043e\u0432\u0435\u043b \u043a\u043e\u043d\u0446\u0435\u0440\u0442 \u0432 \u041d\u0430\u0440\u0432\u0441\u043a\u043e\u043c \u0434\u043e\u043c\u0435 \u043f\u043e\u043f\u0435\u0447\u0435\u043d\u0438\u044f, \u043f\u043e\u0441\u0432\u044f\u0442\u0438\u0432 \u0435\u0433\u043e \u043f\u0440\u0438\u0431\u043b\u0438\u0436\u0430\u044e\u0449\u0435\u043c\u0443\u0441\u044f \u043f\u0440\u0430\u0437\u0434\u043d\u0438\u043a\u0443 \u0420\u043e\u0436\u0434\u0435\u0441\u0442\u0432\u0430. \u041c\u0443\u0437\u044b\u043a\u0430\u043d\u0442\u044b \u0432\u044b\u0441\u0442\u0443\u043f\u0438\u043b\u0438 \u0441 \u0440\u0430\u0437\u043d\u043e\u043e\u0431\u0440\u0430\u0437\u043d\u044b\u043c\u0438 \u043f\u0440\u043e\u0438\u0437\u0432\u0435\u0434\u0435\u043d\u0438\u044f\u043c\u0438, \u0441\u043e\u0437\u0434\u0430\u0432\u0430\u044f \u0430\u0442\u043c\u043e\u0441\u0444\u0435\u0440\u0443 \u043f\u0440\u0430\u0437\u0434\u043d\u0438\u043a\u0430. \u0417\u0440\u0438\u0442\u0435\u043b\u0438 \u0430\u043a\u0442\u0438\u0432\u043d\u043e \u043f\u043e\u0434\u0434\u0435\u0440\u0436\u0438\u0432\u0430\u043b\u0438 \u0438\u0441\u043f\u043e\u043b\u043d\u0438\u0442\u0435\u043b\u0435\u0439, \u0441 \u0431\u043e\u043b\u044c\u0448\u0438\u043c \u0443\u0434\u043e\u0432\u043e\u043b\u044c\u0441\u0442\u0432\u0438\u0435\u043c \u0430\u043f\u043b\u043e\u0434\u0438\u0440\u0443\u044f \u043c\u0443\u0437\u044b\u043a\u0430\u043d\u0442\u0430\u043c. \u041a\u043e\u043d\u0446\u0435\u0440\u0442 \u0437\u0430\u0432\u0435\u0440\u0448\u0438\u043b\u0441\u044f \u0434\u0440\u0443\u0436\u0435\u0441\u043a\u0438\u043c \u043e\u0431\u0449\u0435\u043d\u0438\u0435\u043c \u0438 \u043f\u043e\u0436\u0435\u043b\u0430\u043d\u0438\u044f\u043c\u0438 \u0441\u0447\u0430\u0441\u0442\u044c\u044f \u0432 \u043d\u043e\u0432\u043e\u043c \u0433\u043e\u0434\u0443, \u043e\u0441\u0442\u0430\u0432\u0438\u0432 \u0443 \u0432\u0441\u0435\u0445 \u0443\u0447\u0430\u0441\u0442\u043d\u0438\u043a\u043e\u0432 \u043f\u0440\u0438\u044f\u0442\u043d\u044b\u0435 \u0432\u043e\u0441\u043f\u043e\u043c\u0438\u043d\u0430\u043d\u0438\u044f \u043e \u0442\u0435\u043f\u043b\u043e\u043c \u0432\u0435\u0447\u0435\u0440\u0435. \u0420\u0443\u043a\u043e\u0432\u043e\u0434\u0438\u0442\u0435\u043b\u044c \u043a\u043e\u043b\u043b\u0435\u043a\u0442\u0438\u0432\u0430 \u0412\u0438\u043a\u0442\u043e\u0440 \u0422\u0430\u0440\u0430\u0441\u043e\u0432, \u043a\u043e\u043d\u0446\u0435\u0440\u0442\u043c\u0435\u0439\u0441\u0442\u0435\u0440 \u0413\u0430\u043b\u0438\u043d\u0430 \u0412\u043e\u0440\u043e\u043d\u043e\u0432\u0430.<\/p>\n<p>&nbsp;<\/p>\n<p><img loading=\"lazy\" decoding=\"async\" class=\"alignnone size-large wp-image-5609\" src=\"https:\/\/www.narvamuusika.ee\/wp-content\/uploads\/2025\/01\/1000043239-768x1024.jpg\" alt=\"\" width=\"640\" height=\"853\" srcset=\"https:\/\/www.narvamuusika.ee\/wp-content\/uploads\/2025\/01\/1000043239-768x1024.jpg 768w, https:\/\/www.narvamuusika.ee\/wp-content\/uploads\/2025\/01\/1000043239-600x800.jpg 600w, https:\/\/www.narvamuusika.ee\/wp-content\/uploads\/2025\/01\/1000043239-225x300.jpg 225w, https:\/\/www.narvamuusika.ee\/wp-content\/uploads\/2025\/01\/1000043239.jpg 900w\" sizes=\"auto, (max-width: 640px) 100vw, 640px\" \/><\/p>\n","protected":false},"excerpt":{"rendered":"<p>12.detsembril andis akordionistide ansambel \u201e\u00dcllatus\u201c kontserdi Narva hooldekodus, p\u00fchendades selle l\u00e4henevale J\u00f5ulup\u00fchale. Artistid esitasid mitmekesist repertuaari, luues piduliku \u00f5hkkonna. Publik toetas esinejaid aktiivselt, aplodeerides muusikutele suure r\u00f5\u00f5muga. Kontsert l\u00f5ppes s\u00f5braliku vestluse ja uueks aastaks \u00f5nne soovimisega, j\u00e4ttes k\u00f5igile osalejatele sooja \u00f5htu meeldivad m\u00e4lestused. Kollektiivi juht on Viktor Tarassov, kontsertmeister Galina Voronova. \u041a\u043e\u043d\u0446\u0435\u0440\u0442 \u0432 \u0434\u043e\u043c\u0435 \u043f\u043e\u043f\u0435\u0447\u0435\u043d\u0438\u044f &hellip; <\/p>\n<p class=\"link-more\"><a href=\"https:\/\/www.narvamuusika.ee\/et\/2025\/01\/06\/kontsert-hooldekodus\/\" class=\"more-link\">Continue reading<span class=\"screen-reader-text\"> &#8220;Kontsert hooldekodus&#8221;<\/span><\/a><\/p>\n","protected":false},"author":1,"featured_media":5609,"comment_status":"closed","ping_status":"closed","sticky":false,"template":"","format":"standard","meta":{"footnotes":""},"categories":[1],"tags":[],"class_list":["post-5607","post","type-post","status-publish","format-standard","has-post-thumbnail","hentry","category-novosti"],"translation":{"provider":"WPGlobus","version":"3.0.2","language":"et","enabled_languages":["ru","et"],"languages":{"ru":{"title":true,"content":true,"excerpt":false},"et":{"title":false,"content":false,"excerpt":false}}},"_links":{"self":[{"href":"https:\/\/www.narvamuusika.ee\/et\/wp-json\/wp\/v2\/posts\/5607","targetHints":{"allow":["GET"]}}],"collection":[{"href":"https:\/\/www.narvamuusika.ee\/et\/wp-json\/wp\/v2\/posts"}],"about":[{"href":"https:\/\/www.narvamuusika.ee\/et\/wp-json\/wp\/v2\/types\/post"}],"author":[{"embeddable":true,"href":"https:\/\/www.narvamuusika.ee\/et\/wp-json\/wp\/v2\/users\/1"}],"replies":[{"embeddable":true,"href":"https:\/\/www.narvamuusika.ee\/et\/wp-json\/wp\/v2\/comments?post=5607"}],"version-history":[{"count":2,"href":"https:\/\/www.narvamuusika.ee\/et\/wp-json\/wp\/v2\/posts\/5607\/revisions"}],"predecessor-version":[{"id":5610,"href":"https:\/\/www.narvamuusika.ee\/et\/wp-json\/wp\/v2\/posts\/5607\/revisions\/5610"}],"wp:featuredmedia":[{"embeddable":true,"href":"https:\/\/www.narvamuusika.ee\/et\/wp-json\/wp\/v2\/media\/5609"}],"wp:attachment":[{"href":"https:\/\/www.narvamuusika.ee\/et\/wp-json\/wp\/v2\/media?parent=5607"}],"wp:term":[{"taxonomy":"category","embeddable":true,"href":"https:\/\/www.narvamuusika.ee\/et\/wp-json\/wp\/v2\/categories?post=5607"},{"taxonomy":"post_tag","embeddable":true,"href":"https:\/\/www.narvamuusika.ee\/et\/wp-json\/wp\/v2\/tags?post=5607"}],"curies":[{"name":"wp","href":"https:\/\/api.w.org\/{rel}","templated":true}]}}