{"id":5620,"date":"2025-01-06T11:35:58","date_gmt":"2025-01-06T08:35:58","guid":{"rendered":"https:\/\/www.narvamuusika.ee\/?p=5620"},"modified":"2025-01-06T11:36:29","modified_gmt":"2025-01-06T08:36:29","slug":"kitarrimuusika-kontsert","status":"publish","type":"post","link":"https:\/\/www.narvamuusika.ee\/et\/2025\/01\/06\/kitarrimuusika-kontsert\/","title":{"rendered":"Kitarrimuusika kontsert"},"content":{"rendered":"<p>22. detsembril toimus Vaba Loome Keskuses j\u00f5ulukontsert kitarrimuusikaga. Laval esinesid Jelena Laknovskaja, Izida Galimova ja Ljudmila T\u0161umakova \u00f5pilased. Kavas k\u00f5lasid populaarsed j\u00f5ulumeloodiad ja vokaalnumbrid. \u00d5htu s\u00e4ravaks l\u00f5ppakordiks oli Puerto Rico laulu &#8220;Feliz Navidad&#8221; (&#8220;H\u00e4id j\u00f5ule&#8221;) esitamine, mis kinkis kuulajatele t\u00f5elise j\u00f5ulumeeleolu.<\/p>\n<p>\u041a\u043e\u043d\u0446\u0435\u0440\u0442 \u0433\u0438\u0442\u0430\u0440\u043d\u043e\u0439 \u043c\u0443\u0437\u044b\u043a\u0438<\/p>\n<p>22 \u0434\u0435\u043a\u0430\u0431\u0440\u044f \u0432 \u0426\u0435\u043d\u0442\u0440\u0435 \u0441\u0432\u043e\u0431\u043e\u0434\u043d\u043e\u0433\u043e \u0442\u0432\u043e\u0440\u0447\u0435\u0441\u0442\u0432\u0430 \u043f\u0440\u043e\u0448\u0451\u043b \u0420\u043e\u0436\u0434\u0435\u0441\u0442\u0432\u0435\u043d\u0441\u043a\u0438\u0439 \u043a\u043e\u043d\u0446\u0435\u0440\u0442 \u0433\u0438\u0442\u0430\u0440\u043d\u043e\u0439 \u043c\u0443\u0437\u044b\u043a\u0438. \u041d\u0430 \u0441\u0446\u0435\u043d\u0435 \u0432\u044b\u0441\u0442\u0443\u043f\u0438\u043b\u0438 \u0443\u0447\u0435\u043d\u0438\u043a\u0438 \u0415\u043b\u0435\u043d\u044b \u041b\u0430\u043a\u043d\u043e\u0432\u0441\u043a\u043e\u0439, \u0418\u0437\u0438\u0434\u044b \u0413\u0430\u043b\u0438\u043c\u043e\u0432\u043e\u0439 \u0438 \u041b\u044e\u0434\u043c\u0438\u043b\u044b \u0427\u0443\u043c\u0430\u043a\u043e\u0432\u043e\u0439. \u0412 \u043f\u0440\u043e\u0433\u0440\u0430\u043c\u043c\u0435 \u043f\u0440\u043e\u0437\u0432\u0443\u0447\u0430\u043b\u0438 \u043f\u043e\u043f\u0443\u043b\u044f\u0440\u043d\u044b\u0435 \u0440\u043e\u0436\u0434\u0435\u0441\u0442\u0432\u0435\u043d\u0441\u043a\u0438\u0435 \u043c\u0435\u043b\u043e\u0434\u0438\u0438, \u0432\u043e\u043a\u0430\u043b\u044c\u043d\u044b\u0435 \u043d\u043e\u043c\u0435\u0440\u0430, \u0430 \u0437\u0430\u0432\u0435\u0440\u0448\u0435\u043d\u0438\u0435\u043c \u0432\u0435\u0447\u0435\u0440\u0430 \u0441\u0442\u0430\u043b\u043e \u044f\u0440\u043a\u043e\u0435 \u0438\u0441\u043f\u043e\u043b\u043d\u0435\u043d\u0438\u0435 \u043f\u0443\u044d\u0440\u0442\u043e\u0440\u0438\u043a\u0430\u043d\u0441\u043a\u043e\u0439 \u043f\u0435\u0441\u043d\u0438 Feliz Navidad (\u00ab\u0421\u0447\u0430\u0441\u0442\u043b\u0438\u0432\u043e\u0433\u043e \u0420\u043e\u0436\u0434\u0435\u0441\u0442\u0432\u0430\u00bb), \u043a\u043e\u0442\u043e\u0440\u043e\u0435 \u043f\u043e\u0434\u0430\u0440\u0438\u043b\u043e \u0437\u0440\u0438\u0442\u0435\u043b\u044f\u043c \u043f\u0440\u0430\u0437\u0434\u043d\u0438\u0447\u043d\u043e\u0435 \u043d\u0430\u0441\u0442\u0440\u043e\u0435\u043d\u0438\u0435.<\/p>\n<p><img loading=\"lazy\" decoding=\"async\" class=\"alignnone size-large wp-image-5622\" src=\"https:\/\/www.narvamuusika.ee\/wp-content\/uploads\/2025\/01\/1000043879-1024x576.jpg\" alt=\"\" width=\"640\" height=\"360\" srcset=\"https:\/\/www.narvamuusika.ee\/wp-content\/uploads\/2025\/01\/1000043879-1024x576.jpg 1024w, https:\/\/www.narvamuusika.ee\/wp-content\/uploads\/2025\/01\/1000043879-800x450.jpg 800w, https:\/\/www.narvamuusika.ee\/wp-content\/uploads\/2025\/01\/1000043879-768x432.jpg 768w, https:\/\/www.narvamuusika.ee\/wp-content\/uploads\/2025\/01\/1000043879-1536x864.jpg 1536w, https:\/\/www.narvamuusika.ee\/wp-content\/uploads\/2025\/01\/1000043879-400x225.jpg 400w, https:\/\/www.narvamuusika.ee\/wp-content\/uploads\/2025\/01\/1000043879.jpg 1600w\" sizes=\"auto, (max-width: 640px) 100vw, 640px\" \/><\/p>\n","protected":false},"excerpt":{"rendered":"<p>22. detsembril toimus Vaba Loome Keskuses j\u00f5ulukontsert kitarrimuusikaga. Laval esinesid Jelena Laknovskaja, Izida Galimova ja Ljudmila T\u0161umakova \u00f5pilased. Kavas k\u00f5lasid populaarsed j\u00f5ulumeloodiad ja vokaalnumbrid. \u00d5htu s\u00e4ravaks l\u00f5ppakordiks oli Puerto Rico laulu &#8220;Feliz Navidad&#8221; (&#8220;H\u00e4id j\u00f5ule&#8221;) esitamine, mis kinkis kuulajatele t\u00f5elise j\u00f5ulumeeleolu. \u041a\u043e\u043d\u0446\u0435\u0440\u0442 \u0433\u0438\u0442\u0430\u0440\u043d\u043e\u0439 \u043c\u0443\u0437\u044b\u043a\u0438 22 \u0434\u0435\u043a\u0430\u0431\u0440\u044f \u0432 \u0426\u0435\u043d\u0442\u0440\u0435 \u0441\u0432\u043e\u0431\u043e\u0434\u043d\u043e\u0433\u043e \u0442\u0432\u043e\u0440\u0447\u0435\u0441\u0442\u0432\u0430 \u043f\u0440\u043e\u0448\u0451\u043b \u0420\u043e\u0436\u0434\u0435\u0441\u0442\u0432\u0435\u043d\u0441\u043a\u0438\u0439 \u043a\u043e\u043d\u0446\u0435\u0440\u0442 \u0433\u0438\u0442\u0430\u0440\u043d\u043e\u0439 \u043c\u0443\u0437\u044b\u043a\u0438. &hellip; <\/p>\n<p class=\"link-more\"><a href=\"https:\/\/www.narvamuusika.ee\/et\/2025\/01\/06\/kitarrimuusika-kontsert\/\" class=\"more-link\">Continue reading<span class=\"screen-reader-text\"> &#8220;Kitarrimuusika kontsert&#8221;<\/span><\/a><\/p>\n","protected":false},"author":1,"featured_media":5622,"comment_status":"closed","ping_status":"closed","sticky":false,"template":"","format":"standard","meta":{"footnotes":""},"categories":[1],"tags":[],"class_list":["post-5620","post","type-post","status-publish","format-standard","has-post-thumbnail","hentry","category-novosti"],"translation":{"provider":"WPGlobus","version":"3.0.2","language":"et","enabled_languages":["ru","et"],"languages":{"ru":{"title":true,"content":true,"excerpt":false},"et":{"title":false,"content":false,"excerpt":false}}},"_links":{"self":[{"href":"https:\/\/www.narvamuusika.ee\/et\/wp-json\/wp\/v2\/posts\/5620","targetHints":{"allow":["GET"]}}],"collection":[{"href":"https:\/\/www.narvamuusika.ee\/et\/wp-json\/wp\/v2\/posts"}],"about":[{"href":"https:\/\/www.narvamuusika.ee\/et\/wp-json\/wp\/v2\/types\/post"}],"author":[{"embeddable":true,"href":"https:\/\/www.narvamuusika.ee\/et\/wp-json\/wp\/v2\/users\/1"}],"replies":[{"embeddable":true,"href":"https:\/\/www.narvamuusika.ee\/et\/wp-json\/wp\/v2\/comments?post=5620"}],"version-history":[{"count":3,"href":"https:\/\/www.narvamuusika.ee\/et\/wp-json\/wp\/v2\/posts\/5620\/revisions"}],"predecessor-version":[{"id":5624,"href":"https:\/\/www.narvamuusika.ee\/et\/wp-json\/wp\/v2\/posts\/5620\/revisions\/5624"}],"wp:featuredmedia":[{"embeddable":true,"href":"https:\/\/www.narvamuusika.ee\/et\/wp-json\/wp\/v2\/media\/5622"}],"wp:attachment":[{"href":"https:\/\/www.narvamuusika.ee\/et\/wp-json\/wp\/v2\/media?parent=5620"}],"wp:term":[{"taxonomy":"category","embeddable":true,"href":"https:\/\/www.narvamuusika.ee\/et\/wp-json\/wp\/v2\/categories?post=5620"},{"taxonomy":"post_tag","embeddable":true,"href":"https:\/\/www.narvamuusika.ee\/et\/wp-json\/wp\/v2\/tags?post=5620"}],"curies":[{"name":"wp","href":"https:\/\/api.w.org\/{rel}","templated":true}]}}