{"id":5660,"date":"2025-02-18T09:44:11","date_gmt":"2025-02-18T06:44:11","guid":{"rendered":"https:\/\/www.narvamuusika.ee\/?p=5660"},"modified":"2025-02-18T09:44:55","modified_gmt":"2025-02-18T06:44:55","slug":"nominatsioon-2025","status":"publish","type":"post","link":"https:\/\/www.narvamuusika.ee\/et\/2025\/02\/18\/nominatsioon-2025\/","title":{"rendered":"&#8220;Nominatsioon 2025&#8221;"},"content":{"rendered":"<p>8. veebruaril toimus L\u00e4tis, Daugavpilsis rahvusvaheline konkurss &#8220;Nominatsioon 2025&#8221;, milles osalesid \u00f5petaja Galina Dotsenko kaks \u00f5pilast \u2013 Maria Semishkur ja Arina Jakovleva.<\/p>\n<p>T\u00fcdrukud n\u00e4itasid k\u00f5rget meisterlikkuse taset ja saavutasid suurep\u00e4raseid tulemusi nii soolokavades klaveril kui ka ansamblim\u00e4ngus. Maria Semishkur p\u00e4lvis konkursil I koha, Arina Jakovleva \u2013 II koha! Klaveriansamblina saavutasid nad I koha! \u00d5nnitleme \u00f5pilasi ja \u00f5petajat suurep\u00e4raste tulemuste puhul ning oleme uhked nende saavutuste \u00fcle!<\/p>\n<p>&#8220;\u041d\u043e\u043c\u0438\u043d\u0430\u0446\u0438\u044f 2025&#8221;<\/p>\n<p>8 \u0444\u0435\u0432\u0440\u0430\u043b\u044f \u0432 \u0433. \u0414\u0430\u0443\u0433\u0430\u0432\u043f\u0438\u043b\u0441 (\u041b\u0430\u0442\u0432\u0438\u044f) \u043f\u0440\u043e\u0448\u0435\u043b \u043c\u0435\u0436\u0434\u0443\u043d\u0430\u0440\u043e\u0434\u043d\u044b\u0439 \u043a\u043e\u043d\u043a\u0443\u0440\u0441 &#8220;\u041d\u043e\u043c\u0438\u043d\u0430\u0446\u0438\u044f 2025&#8221;, \u0432 \u043a\u043e\u0442\u043e\u0440\u043e\u043c \u043f\u0440\u0438\u043d\u044f\u043b\u0438 \u0443\u0447\u0430\u0441\u0442\u0438\u0435 \u0434\u0432\u0435 \u0443\u0447\u0435\u043d\u0438\u0446\u044b \u043f\u0435\u0434\u0430\u0433\u043e\u0433\u0430 \u0413\u0430\u043b\u0438\u043d\u044b \u0414\u043e\u0446\u0435\u043d\u043a\u043e \u2013 \u041c\u0430\u0440\u0438\u044f \u0421\u0435\u043c\u0438\u0448\u043a\u0443\u0440 \u0438 \u0410\u0440\u0438\u043d\u0430 \u042f\u043a\u043e\u0432\u043b\u0435\u0432\u0430. \u0414\u0435\u0432\u043e\u0447\u043a\u0438 \u043f\u0440\u043e\u0434\u0435\u043c\u043e\u043d\u0441\u0442\u0440\u0438\u0440\u043e\u0432\u0430\u043b\u0438 \u0432\u044b\u0441\u043e\u043a\u0438\u0439 \u0443\u0440\u043e\u0432\u0435\u043d\u044c \u043c\u0430\u0441\u0442\u0435\u0440\u0441\u0442\u0432\u0430 \u0438 \u0434\u043e\u0431\u0438\u043b\u0438\u0441\u044c \u043e\u0442\u043b\u0438\u0447\u043d\u044b\u0445 \u0440\u0435\u0437\u0443\u043b\u044c\u0442\u0430\u0442\u043e\u0432 \u043a\u0430\u043a \u0432 \u0441\u043e\u043b\u044c\u043d\u043e\u043c \u0438\u0441\u043f\u043e\u043b\u043d\u0435\u043d\u0438\u0438 \u043d\u0430 \u0444\u043e\u0440\u0442\u0435\u043f\u0438\u0430\u043d\u043e, \u0442\u0430\u043a \u0438 \u0432 \u0430\u043d\u0441\u0430\u043c\u0431\u043b\u0435\u0432\u043e\u0439 \u0438\u0433\u0440\u0435. \u041c\u0430\u0440\u0438\u044f \u0421\u0435\u043c\u0438\u0448\u043a\u0443\u0440 \u0441\u0442\u0430\u043b\u0430 \u043e\u0431\u043b\u0430\u0434\u0430\u0442\u0435\u043b\u0435\u043c I \u043c\u0435\u0441\u0442\u0430, \u0430 \u0410\u0440\u0438\u043d\u0430 \u042f\u043a\u043e\u0432\u043b\u0435\u0432\u0430 &#8211; II \u043c\u0435\u0441\u0442\u0430 \u043a\u043e\u043d\u043a\u0443\u0440\u0441\u0430! \u0412 \u0441\u043e\u0441\u0442\u0430\u0432\u0435 \u0444\u043e\u0440\u0442\u0435\u043f\u0438\u0430\u043d\u043d\u043e\u0433\u043e \u0434\u0443\u044d\u0442\u0430 \u0434\u0435\u0432\u043e\u0447\u043a\u0438 \u0437\u0430\u0432\u043e\u0435\u0432\u0430\u043b\u0438 I \u043c\u0435\u0441\u0442\u043e! \u041f\u043e\u0437\u0434\u0440\u0430\u0432\u043b\u044f\u0435\u043c \u0443\u0447\u0435\u043d\u0438\u0446 \u0438 \u043f\u0435\u0434\u0430\u0433\u043e\u0433\u0430 \u0441 \u043e\u0442\u043b\u0438\u0447\u043d\u044b\u043c\u0438 \u0440\u0435\u0437\u0443\u043b\u044c\u0442\u0430\u0442\u0430\u043c\u0438, \u0433\u043e\u0440\u0434\u0438\u043c\u0441\u044f \u0438\u0445 \u0434\u043e\u0441\u0442\u0438\u0436\u0435\u043d\u0438\u044f\u043c\u0438!<\/p>\n<p><img loading=\"lazy\" decoding=\"async\" class=\"alignnone size-large wp-image-5662\" src=\"https:\/\/www.narvamuusika.ee\/wp-content\/uploads\/2025\/02\/1000046848-768x1024.jpg\" alt=\"\" width=\"640\" height=\"853\" srcset=\"https:\/\/www.narvamuusika.ee\/wp-content\/uploads\/2025\/02\/1000046848-768x1024.jpg 768w, https:\/\/www.narvamuusika.ee\/wp-content\/uploads\/2025\/02\/1000046848-600x800.jpg 600w, https:\/\/www.narvamuusika.ee\/wp-content\/uploads\/2025\/02\/1000046848-225x300.jpg 225w, https:\/\/www.narvamuusika.ee\/wp-content\/uploads\/2025\/02\/1000046848.jpg 900w\" sizes=\"auto, (max-width: 640px) 100vw, 640px\" \/><\/p>\n","protected":false},"excerpt":{"rendered":"<p>8. veebruaril toimus L\u00e4tis, Daugavpilsis rahvusvaheline konkurss &#8220;Nominatsioon 2025&#8221;, milles osalesid \u00f5petaja Galina Dotsenko kaks \u00f5pilast \u2013 Maria Semishkur ja Arina Jakovleva. T\u00fcdrukud n\u00e4itasid k\u00f5rget meisterlikkuse taset ja saavutasid suurep\u00e4raseid tulemusi nii soolokavades klaveril kui ka ansamblim\u00e4ngus. Maria Semishkur p\u00e4lvis konkursil I koha, Arina Jakovleva \u2013 II koha! Klaveriansamblina saavutasid nad I koha! \u00d5nnitleme \u00f5pilasi &hellip; <\/p>\n<p class=\"link-more\"><a href=\"https:\/\/www.narvamuusika.ee\/et\/2025\/02\/18\/nominatsioon-2025\/\" class=\"more-link\">Continue reading<span class=\"screen-reader-text\"> &#8220;&#8220;Nominatsioon 2025&#8221;&#8221;<\/span><\/a><\/p>\n","protected":false},"author":1,"featured_media":5662,"comment_status":"closed","ping_status":"closed","sticky":false,"template":"","format":"standard","meta":{"footnotes":""},"categories":[1],"tags":[],"class_list":["post-5660","post","type-post","status-publish","format-standard","has-post-thumbnail","hentry","category-novosti"],"translation":{"provider":"WPGlobus","version":"3.0.2","language":"et","enabled_languages":["ru","et"],"languages":{"ru":{"title":true,"content":true,"excerpt":false},"et":{"title":false,"content":false,"excerpt":false}}},"_links":{"self":[{"href":"https:\/\/www.narvamuusika.ee\/et\/wp-json\/wp\/v2\/posts\/5660","targetHints":{"allow":["GET"]}}],"collection":[{"href":"https:\/\/www.narvamuusika.ee\/et\/wp-json\/wp\/v2\/posts"}],"about":[{"href":"https:\/\/www.narvamuusika.ee\/et\/wp-json\/wp\/v2\/types\/post"}],"author":[{"embeddable":true,"href":"https:\/\/www.narvamuusika.ee\/et\/wp-json\/wp\/v2\/users\/1"}],"replies":[{"embeddable":true,"href":"https:\/\/www.narvamuusika.ee\/et\/wp-json\/wp\/v2\/comments?post=5660"}],"version-history":[{"count":3,"href":"https:\/\/www.narvamuusika.ee\/et\/wp-json\/wp\/v2\/posts\/5660\/revisions"}],"predecessor-version":[{"id":5664,"href":"https:\/\/www.narvamuusika.ee\/et\/wp-json\/wp\/v2\/posts\/5660\/revisions\/5664"}],"wp:featuredmedia":[{"embeddable":true,"href":"https:\/\/www.narvamuusika.ee\/et\/wp-json\/wp\/v2\/media\/5662"}],"wp:attachment":[{"href":"https:\/\/www.narvamuusika.ee\/et\/wp-json\/wp\/v2\/media?parent=5660"}],"wp:term":[{"taxonomy":"category","embeddable":true,"href":"https:\/\/www.narvamuusika.ee\/et\/wp-json\/wp\/v2\/categories?post=5660"},{"taxonomy":"post_tag","embeddable":true,"href":"https:\/\/www.narvamuusika.ee\/et\/wp-json\/wp\/v2\/tags?post=5660"}],"curies":[{"name":"wp","href":"https:\/\/api.w.org\/{rel}","templated":true}]}}