{"id":5969,"date":"2025-05-16T18:40:52","date_gmt":"2025-05-16T15:40:52","guid":{"rendered":"https:\/\/www.narvamuusika.ee\/?p=5969"},"modified":"2025-05-16T18:40:15","modified_gmt":"2025-05-16T15:40:15","slug":"%d0%b2%d0%b5%d1%81%d0%b5%d0%bd%d0%bd%d0%b8%d0%b9-%d0%ba%d0%be%d0%bd%d1%86%d0%b5%d1%80%d1%82-9","status":"publish","type":"post","link":"https:\/\/www.narvamuusika.ee\/et\/2025\/05\/16\/%d0%b2%d0%b5%d1%81%d0%b5%d0%bd%d0%bd%d0%b8%d0%b9-%d0%ba%d0%be%d0%bd%d1%86%d0%b5%d1%80%d1%82-9\/","title":{"rendered":"Kevadkontsert"},"content":{"rendered":"<p>Narva Muusikakoolis on l\u00f5ppemas j\u00e4rjekordne \u00f5ppeaasta. Selle aja jooksul on meie \u00f5pilased saavutanud m\u00e4rkimisv\u00e4\u00e4rseid tulemusi, avanud oma anded, omandanud uusi teadmisi ja oskusi ning osalenud enam kui kaheksak\u00fcmnel \u00fcritusel. Oleme iga\u00fche \u00fcle v\u00e4ga uhked!<\/p>\n<p><!--more--><\/p>\n<p>14.mail toimus Rugodivi kultuurimajas suur pidulik kontsert. Laval esinesid andekad kooli\u00f5pilased, demonstreerides oma oskusi ja kinkides publikule unustamatuid muusikaelamusi. Esinesid koori- ja orkestrikollektiivid, ansamblid ning solistid nii vokaal- kui ka instrumentaalmuusika valdkonnas.<\/p>\n<p>Suur t\u00e4nu k\u00f5igile, kes aitasid kontserti ette valmistada ja l\u00e4bi viia \u2014 \u00f5petajatele nende hindamatu t\u00f6\u00f6 eest, lapsevanematele toetuse, osav\u00f5tu ja heade s\u00f5nade eest, publikule t\u00e4helepanu ja aplauside eest ning k\u00f5igile, kes elasid meie noortele kaasa ja innustasid neid edasi minema!<\/p>\n<p>Kontserdi juhataja oli Maria Minit\u0161. Pidulikku meeleolu fuajees l\u00f5i akordionistide ansambel &#8220;\u00dcllatus&#8221;.<\/p>\n<p>[Best_Wordpress_Gallery id=&#8221;48&#8243; gal_title=&#8221;vesenii 2025&#8243;]<\/p>\n","protected":false},"excerpt":{"rendered":"<p>\u0417\u0430\u0432\u0435\u0440\u0448\u0430\u0435\u0442\u0441\u044f \u043e\u0447\u0435\u0440\u0435\u0434\u043d\u043e\u0439 \u0443\u0447\u0435\u0431\u043d\u044b\u0439 \u0433\u043e\u0434 \u0432 \u041d\u0430\u0440\u0432\u0441\u043a\u043e\u0439 \u043c\u0443\u0437\u044b\u043a\u0430\u043b\u044c\u043d\u043e\u0439 \u0448\u043a\u043e\u043b\u0435. \u0417\u0430 \u044d\u0442\u043e \u0432\u0440\u0435\u043c\u044f \u0443\u0447\u0435\u043d\u0438\u043a\u0438 \u0434\u043e\u0441\u0442\u0438\u0433\u043b\u0438 \u0437\u043d\u0430\u0447\u0438\u0442\u0435\u043b\u044c\u043d\u044b\u0445 \u0443\u0441\u043f\u0435\u0445\u043e\u0432, \u0440\u0430\u0441\u043a\u0440\u044b\u043b\u0438 \u0441\u0432\u043e\u0438 \u0442\u0430\u043b\u0430\u043d\u0442\u044b \u0438 \u043f\u0440\u0438\u043e\u0431\u0440\u0435\u043b\u0438 \u043d\u043e\u0432\u044b\u0435 \u0437\u043d\u0430\u043d\u0438\u044f \u0438 \u043d\u0430\u0432\u044b\u043a\u0438, \u043f\u0440\u0438\u043d\u044f\u043b\u0438 \u0443\u0447\u0430\u0441\u0442\u0438\u0435 \u0432 \u0431\u043e\u043b\u0435\u0435 \u0432\u043e\u0441\u044c\u043c\u0438\u0434\u0435\u0441\u044f\u0442\u0438 \u043c\u0435\u0440\u043e\u043f\u0440\u0438\u044f\u0442\u0438\u044f\u0445. \u041c\u044b \u0433\u043e\u0440\u0434\u0438\u043c\u0441\u044f \u043a\u0430\u0436\u0434\u044b\u043c \u0438\u0437 \u043d\u0438\u0445!<\/p>\n","protected":false},"author":1,"featured_media":0,"comment_status":"closed","ping_status":"closed","sticky":false,"template":"","format":"standard","meta":{"footnotes":""},"categories":[1],"tags":[],"class_list":["post-5969","post","type-post","status-publish","format-standard","hentry","category-novosti"],"translation":{"provider":"WPGlobus","version":"3.0.2","language":"et","enabled_languages":["ru","et"],"languages":{"ru":{"title":true,"content":true,"excerpt":false},"et":{"title":true,"content":true,"excerpt":false}}},"_links":{"self":[{"href":"https:\/\/www.narvamuusika.ee\/et\/wp-json\/wp\/v2\/posts\/5969","targetHints":{"allow":["GET"]}}],"collection":[{"href":"https:\/\/www.narvamuusika.ee\/et\/wp-json\/wp\/v2\/posts"}],"about":[{"href":"https:\/\/www.narvamuusika.ee\/et\/wp-json\/wp\/v2\/types\/post"}],"author":[{"embeddable":true,"href":"https:\/\/www.narvamuusika.ee\/et\/wp-json\/wp\/v2\/users\/1"}],"replies":[{"embeddable":true,"href":"https:\/\/www.narvamuusika.ee\/et\/wp-json\/wp\/v2\/comments?post=5969"}],"version-history":[{"count":4,"href":"https:\/\/www.narvamuusika.ee\/et\/wp-json\/wp\/v2\/posts\/5969\/revisions"}],"predecessor-version":[{"id":5974,"href":"https:\/\/www.narvamuusika.ee\/et\/wp-json\/wp\/v2\/posts\/5969\/revisions\/5974"}],"wp:attachment":[{"href":"https:\/\/www.narvamuusika.ee\/et\/wp-json\/wp\/v2\/media?parent=5969"}],"wp:term":[{"taxonomy":"category","embeddable":true,"href":"https:\/\/www.narvamuusika.ee\/et\/wp-json\/wp\/v2\/categories?post=5969"},{"taxonomy":"post_tag","embeddable":true,"href":"https:\/\/www.narvamuusika.ee\/et\/wp-json\/wp\/v2\/tags?post=5969"}],"curies":[{"name":"wp","href":"https:\/\/api.w.org\/{rel}","templated":true}]}}