{"id":6651,"date":"2026-03-10T09:50:56","date_gmt":"2026-03-10T06:50:56","guid":{"rendered":"https:\/\/www.narvamuusika.ee\/?p=6651"},"modified":"2026-03-10T09:53:45","modified_gmt":"2026-03-10T06:53:45","slug":"parim-noor-instrumentalist-%d0%b0%d0%ba%d0%ba%d0%be%d1%80%d0%b4%d0%b5%d0%be%d0%bd","status":"publish","type":"post","link":"https:\/\/www.narvamuusika.ee\/et\/2026\/03\/10\/parim-noor-instrumentalist-%d0%b0%d0%ba%d0%ba%d0%be%d1%80%d0%b4%d0%b5%d0%be%d0%bd\/","title":{"rendered":"\u201cParim noor instrumentalist\u201d (akordion)"},"content":{"rendered":"<p>8.m\u00e4rtsil toimus Viljandis Vabariiklik konkurss \u201eParim noor instrumentalist\u201c (eriala akordion). Narva Muusikakooli \u00f5pilased esinesid suurep\u00e4raselt ja saavutasid auhinnalisi kohti! Konkursi tulemused: Mark Vedernikov \u2013 I koht I<!--more--> vanuser\u00fchmas ning \u201cinspireeriva m\u00e4ngu eripreemia\u201d (\u00f5petaja Ljudmila T\u0161umakova); Tikhon Belozor \u2013 III koht I vanuser\u00fchmas (\u00f5petaja Irina Me\u0161t\u0161erjakova); Emilia Alekseeva \u2013 III koht III vanuser\u00fchmas ning \u201ckohustusliku pala kaasahaarav esitluse eripreemia\u201d (\u00f5petaja Irina Me\u0161t\u0161erjakova). \u00d5nnitleme \u00f5pilasi ja \u00f5petajaid suurep\u00e4raste tulemuste puhul!<\/p>\n<p><img loading=\"lazy\" decoding=\"async\" class=\"alignnone size-large wp-image-6655\" src=\"https:\/\/www.narvamuusika.ee\/wp-content\/uploads\/2026\/03\/9069-884x1024.jpg\" alt=\"\" width=\"525\" height=\"608\" srcset=\"https:\/\/www.narvamuusika.ee\/wp-content\/uploads\/2026\/03\/9069-884x1024.jpg 884w, https:\/\/www.narvamuusika.ee\/wp-content\/uploads\/2026\/03\/9069-691x800.jpg 691w, https:\/\/www.narvamuusika.ee\/wp-content\/uploads\/2026\/03\/9069-768x889.jpg 768w, https:\/\/www.narvamuusika.ee\/wp-content\/uploads\/2026\/03\/9069-1327x1536.jpg 1327w, https:\/\/www.narvamuusika.ee\/wp-content\/uploads\/2026\/03\/9069.jpg 1382w\" sizes=\"auto, (max-width: 525px) 100vw, 525px\" \/> <img loading=\"lazy\" decoding=\"async\" class=\"alignnone size-large wp-image-6654\" src=\"https:\/\/www.narvamuusika.ee\/wp-content\/uploads\/2026\/03\/9070-753x1024.jpg\" alt=\"\" width=\"525\" height=\"714\" srcset=\"https:\/\/www.narvamuusika.ee\/wp-content\/uploads\/2026\/03\/9070-753x1024.jpg 753w, https:\/\/www.narvamuusika.ee\/wp-content\/uploads\/2026\/03\/9070-589x800.jpg 589w, https:\/\/www.narvamuusika.ee\/wp-content\/uploads\/2026\/03\/9070-768x1044.jpg 768w, https:\/\/www.narvamuusika.ee\/wp-content\/uploads\/2026\/03\/9070-1130x1536.jpg 1130w, https:\/\/www.narvamuusika.ee\/wp-content\/uploads\/2026\/03\/9070.jpg 1177w\" sizes=\"auto, (max-width: 525px) 100vw, 525px\" \/><\/p>\n","protected":false},"excerpt":{"rendered":"<p>8 \u043c\u0430\u0440\u0442\u0430 \u0432 \u0433. \u0412\u0438\u043b\u044c\u044f\u043d\u0434\u0438 \u0441\u043e\u0441\u0442\u043e\u044f\u043b\u0441\u044f \u0420\u0435\u0441\u043f\u0443\u0431\u043b\u0438\u043a\u0430\u043d\u0441\u043a\u0438\u0439 \u043a\u043e\u043d\u043a\u0443\u0440\u0441 &#8220;Parim noor instrumentalist&#8221; (\u043f\u043e \u0441\u043f\u0435\u0446\u0438\u0430\u043b\u044c\u043d\u043e\u0441\u0442\u0438 \u0430\u043a\u043a\u043e\u0440\u0434\u0435\u043e\u043d). \u0423\u0447\u0435\u043d\u0438\u043a\u0438 \u041d\u0430\u0440\u0432\u0441\u043a\u043e\u0439 \u043c\u0443\u0437\u044b\u043a\u0430\u043b\u044c\u043d\u043e\u0439 \u0448\u043a\u043e\u043b\u044b \u043e\u0442\u043b\u0438\u0447\u043d\u043e \u0432\u044b\u0441\u0442\u0443\u043f\u0438\u043b\u0438 \u0438 \u0437\u0430\u043d\u044f\u043b\u0438 \u043f\u0440\u0438\u0437\u043e\u0432\u044b\u0435 \u043c\u0435\u0441\u0442\u0430! \u0420\u0435\u0437\u0443\u043b\u044c\u0442\u0430\u0442\u044b \u043a\u043e\u043d\u043a\u0443\u0440\u0441\u0430: \u041c\u0430\u0440\u043a \u0412\u0435\u0434\u0435\u0440\u043d\u0438\u043a\u043e\u0432 &#8211; 1 \u043c\u0435\u0441\u0442\u043e \u0432 1\u0439<\/p>\n","protected":false},"author":1,"featured_media":0,"comment_status":"closed","ping_status":"closed","sticky":false,"template":"","format":"standard","meta":{"footnotes":""},"categories":[1],"tags":[],"class_list":["post-6651","post","type-post","status-publish","format-standard","hentry","category-novosti"],"translation":{"provider":"WPGlobus","version":"3.0.2","language":"et","enabled_languages":["ru","et"],"languages":{"ru":{"title":true,"content":true,"excerpt":false},"et":{"title":true,"content":true,"excerpt":false}}},"_links":{"self":[{"href":"https:\/\/www.narvamuusika.ee\/et\/wp-json\/wp\/v2\/posts\/6651","targetHints":{"allow":["GET"]}}],"collection":[{"href":"https:\/\/www.narvamuusika.ee\/et\/wp-json\/wp\/v2\/posts"}],"about":[{"href":"https:\/\/www.narvamuusika.ee\/et\/wp-json\/wp\/v2\/types\/post"}],"author":[{"embeddable":true,"href":"https:\/\/www.narvamuusika.ee\/et\/wp-json\/wp\/v2\/users\/1"}],"replies":[{"embeddable":true,"href":"https:\/\/www.narvamuusika.ee\/et\/wp-json\/wp\/v2\/comments?post=6651"}],"version-history":[{"count":3,"href":"https:\/\/www.narvamuusika.ee\/et\/wp-json\/wp\/v2\/posts\/6651\/revisions"}],"predecessor-version":[{"id":6656,"href":"https:\/\/www.narvamuusika.ee\/et\/wp-json\/wp\/v2\/posts\/6651\/revisions\/6656"}],"wp:attachment":[{"href":"https:\/\/www.narvamuusika.ee\/et\/wp-json\/wp\/v2\/media?parent=6651"}],"wp:term":[{"taxonomy":"category","embeddable":true,"href":"https:\/\/www.narvamuusika.ee\/et\/wp-json\/wp\/v2\/categories?post=6651"},{"taxonomy":"post_tag","embeddable":true,"href":"https:\/\/www.narvamuusika.ee\/et\/wp-json\/wp\/v2\/tags?post=6651"}],"curies":[{"name":"wp","href":"https:\/\/api.w.org\/{rel}","templated":true}]}}